{"id":1032,"date":"2024-01-31T20:03:55","date_gmt":"2024-01-31T20:03:55","guid":{"rendered":"https:\/\/www.skbrdasplit.hr\/?p=1032"},"modified":"2024-01-31T20:05:46","modified_gmt":"2024-01-31T20:05:46","slug":"vladimir-bukal-novo-pojacanje-sk-brda","status":"publish","type":"post","link":"https:\/\/www.skbrdasplit.hr\/hr\/vladimir-bukal-novo-pojacanje-sk-brda\/","title":{"rendered":"Vladimir Bukal novo poja\u010danje \u0160K Brda"},"content":{"rendered":"\n<p>Pro\u0161ao je i sije\u010danjski prijelazni rok, a promjena je ovaj put bilo i u na\u0161em malom kolektivu. Najzvu\u010dnija vijest je svakako u rubrici dolasci, budu\u0107i da je klub poja\u010dao osvaja\u010d Split opena iz 2022. godine, me\u0111unarodni majstor <strong>Vladimir Bukal<\/strong> (2356). Simpatije izme\u0111u Brda i &#8216;Bukija&#8217; su postojale odavno, ali tek sad su se stvorili uvjeti za prelazak. Bukal \u0107e sigurno biti veliko poja\u010danje u borbi za ulazak u 1.A ligu.<\/p>\n\n\n\n<p>U rubrici odlasci bilje\u017eimo dva transfera.  FM <strong>Lovro \u010cupi\u0107<\/strong> (2252) je pre\u0161ao u \u0160K Tomislav- Goran Sveti Ivan \u017dabno, dok je MK <strong>Ante Toma\u0161<\/strong> (2068) potpisao za \u0160K Hvar. Lovro na\u017ealost zbog svog posla (prof. matematike) ne mo\u017ee igrati prvu ligu, te je prelazak u drugu ligu centar logi\u010dna opcija. Kapetan<strong> Ivan Krni\u0107<\/strong> je izri\u010dito izjavio da na Antu ne ra\u010duna za ligu, a dobre igre u Bo\u0161njacima nisu pro\u0161le nezapa\u017eeno skautima \u0160K Hvara, te je tako do\u0161lo do suradnje. Obojici \u0160K Brda \u017eeli svu sre\u0107u u nastavku karijere.  <\/p>\n","protected":false},"excerpt":{"rendered":"<p>Pro\u0161ao je i sije\u010danjski prijelazni rok, a promjena je ovaj put bilo i u na\u0161em malom kolektivu. Najzvu\u010dnija vijest je svakako u rubrici dolasci, budu\u0107i da je klub poja\u010dao osvaja\u010d Split opena iz 2022. godine, me\u0111unarodni majstor Vladimir Bukal (2356). Simpatije izme\u0111u Brda i &#8216;Bukija&#8217; su postojale odavno, ali tek sad su se stvorili uvjeti [&hellip;]<\/p>\n","protected":false},"author":2,"featured_media":1034,"comment_status":"open","ping_status":"open","sticky":false,"template":"","format":"standard","meta":{"_joinchat":[],"footnotes":""},"categories":[7],"tags":[],"class_list":["post-1032","post","type-post","status-publish","format-standard","has-post-thumbnail","hentry","category-aktualno"],"yoast_head":"<!-- This site is optimized with the Yoast SEO plugin v26.6 - https:\/\/yoast.com\/wordpress\/plugins\/seo\/ -->\n<title>Vladimir Bukal novo poja\u010danje \u0160K Brda - \u0160ahovski klub Brda Split<\/title>\n<meta name=\"robots\" content=\"index, follow, max-snippet:-1, max-image-preview:large, max-video-preview:-1\" \/>\n<link rel=\"canonical\" href=\"https:\/\/www.skbrdasplit.hr\/hr\/vladimir-bukal-novo-pojacanje-sk-brda\/\" \/>\n<meta property=\"og:locale\" content=\"hr_HR\" \/>\n<meta property=\"og:type\" content=\"article\" \/>\n<meta property=\"og:title\" content=\"Vladimir Bukal novo poja\u010danje \u0160K Brda - \u0160ahovski klub Brda Split\" \/>\n<meta property=\"og:description\" content=\"Pro\u0161ao je i sije\u010danjski prijelazni rok, a promjena je ovaj put bilo i u na\u0161em malom kolektivu. Najzvu\u010dnija vijest je svakako u rubrici dolasci, budu\u0107i da je klub poja\u010dao osvaja\u010d Split opena iz 2022. godine, me\u0111unarodni majstor Vladimir Bukal (2356). Simpatije izme\u0111u Brda i &#8216;Bukija&#8217; su postojale odavno, ali tek sad su se stvorili uvjeti [&hellip;]\" \/>\n<meta property=\"og:url\" content=\"https:\/\/www.skbrdasplit.hr\/hr\/vladimir-bukal-novo-pojacanje-sk-brda\/\" \/>\n<meta property=\"og:site_name\" content=\"\u0160ahovski klub Brda Split\" \/>\n<meta property=\"article:published_time\" content=\"2024-01-31T20:03:55+00:00\" \/>\n<meta property=\"article:modified_time\" content=\"2024-01-31T20:05:46+00:00\" \/>\n<meta property=\"og:image\" content=\"https:\/\/www.skbrdasplit.hr\/wp-content\/uploads\/2024\/01\/04defee5-a9a1-496a-a846-c1a482e7702a.jpg\" \/>\n\t<meta property=\"og:image:width\" content=\"768\" \/>\n\t<meta property=\"og:image:height\" content=\"1024\" \/>\n\t<meta property=\"og:image:type\" content=\"image\/jpeg\" \/>\n<meta name=\"author\" content=\"mateo\" \/>\n<meta name=\"twitter:card\" content=\"summary_large_image\" \/>\n<meta name=\"twitter:label1\" content=\"Napisao\/la\" \/>\n\t<meta name=\"twitter:data1\" content=\"mateo\" \/>\n\t<meta name=\"twitter:label2\" content=\"Procijenjeno vrijeme \u010ditanja\" \/>\n\t<meta name=\"twitter:data2\" content=\"2 minute\" \/>\n<script type=\"application\/ld+json\" class=\"yoast-schema-graph\">{\"@context\":\"https:\/\/schema.org\",\"@graph\":[{\"@type\":\"Article\",\"@id\":\"https:\/\/www.skbrdasplit.hr\/hr\/vladimir-bukal-novo-pojacanje-sk-brda\/#article\",\"isPartOf\":{\"@id\":\"https:\/\/www.skbrdasplit.hr\/hr\/vladimir-bukal-novo-pojacanje-sk-brda\/\"},\"author\":{\"name\":\"mateo\",\"@id\":\"https:\/\/www.skbrdasplit.hr\/hr\/#\/schema\/person\/d07056807ce58c7e60050cee355dfdbe\"},\"headline\":\"Vladimir Bukal novo poja\u010danje \u0160K Brda\",\"datePublished\":\"2024-01-31T20:03:55+00:00\",\"dateModified\":\"2024-01-31T20:05:46+00:00\",\"mainEntityOfPage\":{\"@id\":\"https:\/\/www.skbrdasplit.hr\/hr\/vladimir-bukal-novo-pojacanje-sk-brda\/\"},\"wordCount\":183,\"commentCount\":0,\"publisher\":{\"@id\":\"https:\/\/www.skbrdasplit.hr\/hr\/#organization\"},\"image\":{\"@id\":\"https:\/\/www.skbrdasplit.hr\/hr\/vladimir-bukal-novo-pojacanje-sk-brda\/#primaryimage\"},\"thumbnailUrl\":\"https:\/\/www.skbrdasplit.hr\/wp-content\/uploads\/2024\/01\/04defee5-a9a1-496a-a846-c1a482e7702a.jpg\",\"articleSection\":[\"Aktualno\"],\"inLanguage\":\"hr\",\"potentialAction\":[{\"@type\":\"CommentAction\",\"name\":\"Comment\",\"target\":[\"https:\/\/www.skbrdasplit.hr\/hr\/vladimir-bukal-novo-pojacanje-sk-brda\/#respond\"]}]},{\"@type\":\"WebPage\",\"@id\":\"https:\/\/www.skbrdasplit.hr\/hr\/vladimir-bukal-novo-pojacanje-sk-brda\/\",\"url\":\"https:\/\/www.skbrdasplit.hr\/hr\/vladimir-bukal-novo-pojacanje-sk-brda\/\",\"name\":\"Vladimir Bukal novo poja\u010danje \u0160K Brda - \u0160ahovski klub Brda Split\",\"isPartOf\":{\"@id\":\"https:\/\/www.skbrdasplit.hr\/hr\/#website\"},\"primaryImageOfPage\":{\"@id\":\"https:\/\/www.skbrdasplit.hr\/hr\/vladimir-bukal-novo-pojacanje-sk-brda\/#primaryimage\"},\"image\":{\"@id\":\"https:\/\/www.skbrdasplit.hr\/hr\/vladimir-bukal-novo-pojacanje-sk-brda\/#primaryimage\"},\"thumbnailUrl\":\"https:\/\/www.skbrdasplit.hr\/wp-content\/uploads\/2024\/01\/04defee5-a9a1-496a-a846-c1a482e7702a.jpg\",\"datePublished\":\"2024-01-31T20:03:55+00:00\",\"dateModified\":\"2024-01-31T20:05:46+00:00\",\"breadcrumb\":{\"@id\":\"https:\/\/www.skbrdasplit.hr\/hr\/vladimir-bukal-novo-pojacanje-sk-brda\/#breadcrumb\"},\"inLanguage\":\"hr\",\"potentialAction\":[{\"@type\":\"ReadAction\",\"target\":[\"https:\/\/www.skbrdasplit.hr\/hr\/vladimir-bukal-novo-pojacanje-sk-brda\/\"]}]},{\"@type\":\"ImageObject\",\"inLanguage\":\"hr\",\"@id\":\"https:\/\/www.skbrdasplit.hr\/hr\/vladimir-bukal-novo-pojacanje-sk-brda\/#primaryimage\",\"url\":\"https:\/\/www.skbrdasplit.hr\/wp-content\/uploads\/2024\/01\/04defee5-a9a1-496a-a846-c1a482e7702a.jpg\",\"contentUrl\":\"https:\/\/www.skbrdasplit.hr\/wp-content\/uploads\/2024\/01\/04defee5-a9a1-496a-a846-c1a482e7702a.jpg\",\"width\":768,\"height\":1024},{\"@type\":\"BreadcrumbList\",\"@id\":\"https:\/\/www.skbrdasplit.hr\/hr\/vladimir-bukal-novo-pojacanje-sk-brda\/#breadcrumb\",\"itemListElement\":[{\"@type\":\"ListItem\",\"position\":1,\"name\":\"Po\u010detna stranica\",\"item\":\"https:\/\/www.skbrdasplit.hr\/hr\/naslovnica\/\"},{\"@type\":\"ListItem\",\"position\":2,\"name\":\"Vladimir Bukal novo poja\u010danje \u0160K Brda\"}]},{\"@type\":\"WebSite\",\"@id\":\"https:\/\/www.skbrdasplit.hr\/hr\/#website\",\"url\":\"https:\/\/www.skbrdasplit.hr\/hr\/\",\"name\":\"\u0160ahovski klub Brda Split\",\"description\":\"\u0160ahovski klub Brda Split\",\"publisher\":{\"@id\":\"https:\/\/www.skbrdasplit.hr\/hr\/#organization\"},\"potentialAction\":[{\"@type\":\"SearchAction\",\"target\":{\"@type\":\"EntryPoint\",\"urlTemplate\":\"https:\/\/www.skbrdasplit.hr\/hr\/?s={search_term_string}\"},\"query-input\":{\"@type\":\"PropertyValueSpecification\",\"valueRequired\":true,\"valueName\":\"search_term_string\"}}],\"inLanguage\":\"hr\"},{\"@type\":\"Organization\",\"@id\":\"https:\/\/www.skbrdasplit.hr\/hr\/#organization\",\"name\":\"\u0160ahovski klub Brda Split\",\"url\":\"https:\/\/www.skbrdasplit.hr\/hr\/\",\"logo\":{\"@type\":\"ImageObject\",\"inLanguage\":\"hr\",\"@id\":\"https:\/\/www.skbrdasplit.hr\/hr\/#\/schema\/logo\/image\/\",\"url\":\"https:\/\/www.skbrdasplit.hr\/wp-content\/uploads\/2022\/10\/LOGO.png\",\"contentUrl\":\"https:\/\/www.skbrdasplit.hr\/wp-content\/uploads\/2022\/10\/LOGO.png\",\"width\":1155,\"height\":374,\"caption\":\"\u0160ahovski klub Brda Split\"},\"image\":{\"@id\":\"https:\/\/www.skbrdasplit.hr\/hr\/#\/schema\/logo\/image\/\"}},{\"@type\":\"Person\",\"@id\":\"https:\/\/www.skbrdasplit.hr\/hr\/#\/schema\/person\/d07056807ce58c7e60050cee355dfdbe\",\"name\":\"mateo\",\"image\":{\"@type\":\"ImageObject\",\"inLanguage\":\"hr\",\"@id\":\"https:\/\/www.skbrdasplit.hr\/hr\/#\/schema\/person\/image\/\",\"url\":\"https:\/\/secure.gravatar.com\/avatar\/eca80a2b93ffacef29b2a456fc5318e1ecacf9a4e7c55792a7964c1838bd6cdf?s=96&d=mm&r=g\",\"contentUrl\":\"https:\/\/secure.gravatar.com\/avatar\/eca80a2b93ffacef29b2a456fc5318e1ecacf9a4e7c55792a7964c1838bd6cdf?s=96&d=mm&r=g\",\"caption\":\"mateo\"},\"url\":\"https:\/\/www.skbrdasplit.hr\/hr\/author\/mateo\/\"}]}<\/script>\n<!-- \/ Yoast SEO plugin. -->","yoast_head_json":{"title":"Vladimir Bukal novo poja\u010danje \u0160K Brda - \u0160ahovski klub Brda Split","robots":{"index":"index","follow":"follow","max-snippet":"max-snippet:-1","max-image-preview":"max-image-preview:large","max-video-preview":"max-video-preview:-1"},"canonical":"https:\/\/www.skbrdasplit.hr\/hr\/vladimir-bukal-novo-pojacanje-sk-brda\/","og_locale":"hr_HR","og_type":"article","og_title":"Vladimir Bukal novo poja\u010danje \u0160K Brda - \u0160ahovski klub Brda Split","og_description":"Pro\u0161ao je i sije\u010danjski prijelazni rok, a promjena je ovaj put bilo i u na\u0161em malom kolektivu. Najzvu\u010dnija vijest je svakako u rubrici dolasci, budu\u0107i da je klub poja\u010dao osvaja\u010d Split opena iz 2022. godine, me\u0111unarodni majstor Vladimir Bukal (2356). Simpatije izme\u0111u Brda i &#8216;Bukija&#8217; su postojale odavno, ali tek sad su se stvorili uvjeti [&hellip;]","og_url":"https:\/\/www.skbrdasplit.hr\/hr\/vladimir-bukal-novo-pojacanje-sk-brda\/","og_site_name":"\u0160ahovski klub Brda Split","article_published_time":"2024-01-31T20:03:55+00:00","article_modified_time":"2024-01-31T20:05:46+00:00","og_image":[{"width":768,"height":1024,"url":"https:\/\/www.skbrdasplit.hr\/wp-content\/uploads\/2024\/01\/04defee5-a9a1-496a-a846-c1a482e7702a.jpg","type":"image\/jpeg"}],"author":"mateo","twitter_card":"summary_large_image","twitter_misc":{"Napisao\/la":"mateo","Procijenjeno vrijeme \u010ditanja":"2 minute"},"schema":{"@context":"https:\/\/schema.org","@graph":[{"@type":"Article","@id":"https:\/\/www.skbrdasplit.hr\/hr\/vladimir-bukal-novo-pojacanje-sk-brda\/#article","isPartOf":{"@id":"https:\/\/www.skbrdasplit.hr\/hr\/vladimir-bukal-novo-pojacanje-sk-brda\/"},"author":{"name":"mateo","@id":"https:\/\/www.skbrdasplit.hr\/hr\/#\/schema\/person\/d07056807ce58c7e60050cee355dfdbe"},"headline":"Vladimir Bukal novo poja\u010danje \u0160K Brda","datePublished":"2024-01-31T20:03:55+00:00","dateModified":"2024-01-31T20:05:46+00:00","mainEntityOfPage":{"@id":"https:\/\/www.skbrdasplit.hr\/hr\/vladimir-bukal-novo-pojacanje-sk-brda\/"},"wordCount":183,"commentCount":0,"publisher":{"@id":"https:\/\/www.skbrdasplit.hr\/hr\/#organization"},"image":{"@id":"https:\/\/www.skbrdasplit.hr\/hr\/vladimir-bukal-novo-pojacanje-sk-brda\/#primaryimage"},"thumbnailUrl":"https:\/\/www.skbrdasplit.hr\/wp-content\/uploads\/2024\/01\/04defee5-a9a1-496a-a846-c1a482e7702a.jpg","articleSection":["Aktualno"],"inLanguage":"hr","potentialAction":[{"@type":"CommentAction","name":"Comment","target":["https:\/\/www.skbrdasplit.hr\/hr\/vladimir-bukal-novo-pojacanje-sk-brda\/#respond"]}]},{"@type":"WebPage","@id":"https:\/\/www.skbrdasplit.hr\/hr\/vladimir-bukal-novo-pojacanje-sk-brda\/","url":"https:\/\/www.skbrdasplit.hr\/hr\/vladimir-bukal-novo-pojacanje-sk-brda\/","name":"Vladimir Bukal novo poja\u010danje \u0160K Brda - \u0160ahovski klub Brda Split","isPartOf":{"@id":"https:\/\/www.skbrdasplit.hr\/hr\/#website"},"primaryImageOfPage":{"@id":"https:\/\/www.skbrdasplit.hr\/hr\/vladimir-bukal-novo-pojacanje-sk-brda\/#primaryimage"},"image":{"@id":"https:\/\/www.skbrdasplit.hr\/hr\/vladimir-bukal-novo-pojacanje-sk-brda\/#primaryimage"},"thumbnailUrl":"https:\/\/www.skbrdasplit.hr\/wp-content\/uploads\/2024\/01\/04defee5-a9a1-496a-a846-c1a482e7702a.jpg","datePublished":"2024-01-31T20:03:55+00:00","dateModified":"2024-01-31T20:05:46+00:00","breadcrumb":{"@id":"https:\/\/www.skbrdasplit.hr\/hr\/vladimir-bukal-novo-pojacanje-sk-brda\/#breadcrumb"},"inLanguage":"hr","potentialAction":[{"@type":"ReadAction","target":["https:\/\/www.skbrdasplit.hr\/hr\/vladimir-bukal-novo-pojacanje-sk-brda\/"]}]},{"@type":"ImageObject","inLanguage":"hr","@id":"https:\/\/www.skbrdasplit.hr\/hr\/vladimir-bukal-novo-pojacanje-sk-brda\/#primaryimage","url":"https:\/\/www.skbrdasplit.hr\/wp-content\/uploads\/2024\/01\/04defee5-a9a1-496a-a846-c1a482e7702a.jpg","contentUrl":"https:\/\/www.skbrdasplit.hr\/wp-content\/uploads\/2024\/01\/04defee5-a9a1-496a-a846-c1a482e7702a.jpg","width":768,"height":1024},{"@type":"BreadcrumbList","@id":"https:\/\/www.skbrdasplit.hr\/hr\/vladimir-bukal-novo-pojacanje-sk-brda\/#breadcrumb","itemListElement":[{"@type":"ListItem","position":1,"name":"Po\u010detna stranica","item":"https:\/\/www.skbrdasplit.hr\/hr\/naslovnica\/"},{"@type":"ListItem","position":2,"name":"Vladimir Bukal novo poja\u010danje \u0160K Brda"}]},{"@type":"WebSite","@id":"https:\/\/www.skbrdasplit.hr\/hr\/#website","url":"https:\/\/www.skbrdasplit.hr\/hr\/","name":"\u0160ahovski klub Brda Split","description":"\u0160ahovski klub Brda Split","publisher":{"@id":"https:\/\/www.skbrdasplit.hr\/hr\/#organization"},"potentialAction":[{"@type":"SearchAction","target":{"@type":"EntryPoint","urlTemplate":"https:\/\/www.skbrdasplit.hr\/hr\/?s={search_term_string}"},"query-input":{"@type":"PropertyValueSpecification","valueRequired":true,"valueName":"search_term_string"}}],"inLanguage":"hr"},{"@type":"Organization","@id":"https:\/\/www.skbrdasplit.hr\/hr\/#organization","name":"\u0160ahovski klub Brda Split","url":"https:\/\/www.skbrdasplit.hr\/hr\/","logo":{"@type":"ImageObject","inLanguage":"hr","@id":"https:\/\/www.skbrdasplit.hr\/hr\/#\/schema\/logo\/image\/","url":"https:\/\/www.skbrdasplit.hr\/wp-content\/uploads\/2022\/10\/LOGO.png","contentUrl":"https:\/\/www.skbrdasplit.hr\/wp-content\/uploads\/2022\/10\/LOGO.png","width":1155,"height":374,"caption":"\u0160ahovski klub Brda Split"},"image":{"@id":"https:\/\/www.skbrdasplit.hr\/hr\/#\/schema\/logo\/image\/"}},{"@type":"Person","@id":"https:\/\/www.skbrdasplit.hr\/hr\/#\/schema\/person\/d07056807ce58c7e60050cee355dfdbe","name":"mateo","image":{"@type":"ImageObject","inLanguage":"hr","@id":"https:\/\/www.skbrdasplit.hr\/hr\/#\/schema\/person\/image\/","url":"https:\/\/secure.gravatar.com\/avatar\/eca80a2b93ffacef29b2a456fc5318e1ecacf9a4e7c55792a7964c1838bd6cdf?s=96&d=mm&r=g","contentUrl":"https:\/\/secure.gravatar.com\/avatar\/eca80a2b93ffacef29b2a456fc5318e1ecacf9a4e7c55792a7964c1838bd6cdf?s=96&d=mm&r=g","caption":"mateo"},"url":"https:\/\/www.skbrdasplit.hr\/hr\/author\/mateo\/"}]}},"_links":{"self":[{"href":"https:\/\/www.skbrdasplit.hr\/hr\/wp-json\/wp\/v2\/posts\/1032","targetHints":{"allow":["GET"]}}],"collection":[{"href":"https:\/\/www.skbrdasplit.hr\/hr\/wp-json\/wp\/v2\/posts"}],"about":[{"href":"https:\/\/www.skbrdasplit.hr\/hr\/wp-json\/wp\/v2\/types\/post"}],"author":[{"embeddable":true,"href":"https:\/\/www.skbrdasplit.hr\/hr\/wp-json\/wp\/v2\/users\/2"}],"replies":[{"embeddable":true,"href":"https:\/\/www.skbrdasplit.hr\/hr\/wp-json\/wp\/v2\/comments?post=1032"}],"version-history":[{"count":1,"href":"https:\/\/www.skbrdasplit.hr\/hr\/wp-json\/wp\/v2\/posts\/1032\/revisions"}],"predecessor-version":[{"id":1033,"href":"https:\/\/www.skbrdasplit.hr\/hr\/wp-json\/wp\/v2\/posts\/1032\/revisions\/1033"}],"wp:featuredmedia":[{"embeddable":true,"href":"https:\/\/www.skbrdasplit.hr\/hr\/wp-json\/wp\/v2\/media\/1034"}],"wp:attachment":[{"href":"https:\/\/www.skbrdasplit.hr\/hr\/wp-json\/wp\/v2\/media?parent=1032"}],"wp:term":[{"taxonomy":"category","embeddable":true,"href":"https:\/\/www.skbrdasplit.hr\/hr\/wp-json\/wp\/v2\/categories?post=1032"},{"taxonomy":"post_tag","embeddable":true,"href":"https:\/\/www.skbrdasplit.hr\/hr\/wp-json\/wp\/v2\/tags?post=1032"}],"curies":[{"name":"wp","href":"https:\/\/api.w.org\/{rel}","templated":true}]}}