{"id":1066,"date":"2024-03-05T23:55:19","date_gmt":"2024-03-05T23:55:19","guid":{"rendered":"https:\/\/www.skbrdasplit.hr\/?p=1066"},"modified":"2024-03-06T00:01:05","modified_gmt":"2024-03-06T00:01:05","slug":"kadeti-hajduka-posjetili-sk-brda","status":"publish","type":"post","link":"https:\/\/www.skbrdasplit.hr\/hr\/kadeti-hajduka-posjetili-sk-brda\/","title":{"rendered":"Kadeti Hajduka posjetili \u0160K Brda"},"content":{"rendered":"\n<p>Kadeti Hajduka, zajedno s svojim pedagozima, trenerima i psiholozima posjetili na\u0161 \u0161ahovski klub i odmjerili snage sa svojim vr\u0161njacima iz \u0161ahovskog kluba Brda. Ovaj posjet je bila ideja jednog od pedagoga u Hajduku, a ujedno i prijatelja na\u0161eg kluba <strong>Ante Gr\u010di\u0107a<\/strong> koji je osmislio ovaj posjet i tako spojio dva giganta.<\/p>\n\n\n\n<p>Voditelj \u0161kole \u0161aha <strong>Mateo Ivi\u0107<\/strong> je odr\u017eao kratko predavanje u kojem je Hajdukove &#8216;ti\u0107e&#8217; upoznao s osnovnim idejama \u0161ahovske igre, a zatim su mladi polaznici Akademije Luka Kaliterna odmjerili snage s na\u0161im kadetima. Iako su na\u0161i kadeti bili uvjerljivi, Hajdukovci su pokazali veliku borbenost i zavidan talent, s obzirom na to da im je nogomet ipak primaran sport.  &#8211; Stalno igraju \u0161ah na internetu, momci su sami pokazali interes za ovu igru i \u017eelju da ne\u0161to novo nau\u010de u igri s ozbiljnijim protivnicima i tako je do\u0161lo do ove suradnje &#8211; izjavio je Ante Gr\u010di\u0107 za Hajduk Digital TV, slu\u017ebenu internet platformu kluba.<\/p>\n\n\n\n<p>Dok su kadeti dva kluba vodili bitke,  Hajdukovi treneri, pedagozi i psiholozi su razmjenjivali iskustva u radu s djecom s na\u0161im trenerima, Mateom Ivi\u0107em, <strong>Brankom \u0160ari\u0107em<\/strong> i <strong>Antom Toma\u0161om<\/strong>. Povukle su se brojne paralele i sli\u010dnosti nogometa s \u0161ahom. Zatim su djelatnici &#8216;majstora s mora&#8217; zaigrali s na\u0161im talentima <strong>Matijom Mimicom<\/strong> i<strong> Mihovilom \u017divkovi\u0107em<\/strong>. Da se u Hajduku dobro prou\u010dava \u0161ah na svojoj je ko\u017ei dobro osjetio &#8216;\u017dile&#8217; koji je u jednom trenutku imao i figuru manje protiv psihologa Hajduka <strong>Ante Ivi\u0161i\u0107a<\/strong>, ali je ipak uspio pobijediti. &#8211;  U nogometu je stra\u0161no bitan kognitivni dio. Treba donositi brze i u\u010dinkovite odluke, a u tom dijelu je \u0161ah izuzetno koristan &#8211; izjavio je Ante Ivi\u0161i\u0107, koji je bio blizu velikog  skalpa nad strahom i trepetom juniorskog \u0161aha u Hrvatskoj, za Hajduk Digital TV.<\/p>\n\n\n\n<p>Na kraju su klubovi i prigodno izmijenili darove. Predstavnici Hajduka su nam poklonili brojne slu\u017ebene proizvode Hajduka, dok smo mi njima podijelili brojnu literaturu iz na\u0161e bogate \u0161ahovske biblioteke. Toplo se nadamo da \u0107e se suradnja dva kluba nastaviti i u budu\u0107nosti!<\/p>\n\n\n\n<p>Za pogledati video prilog sa Hajduk Digital TV , kliknite na link, samo \u0107ete se trebati registrirati na Hajduk Digital TV. Ako niste, registracija je besplatna. <a href=\"https:\/\/tv.hajduk.hr\/video\/2818\/listing\/129\/sah-mat-gol\">\u0160ah, mat, gol &#8211; Hajduk Digital TV<\/a><\/p>\n\n\n\n<figure class=\"wp-block-image size-large\"><img fetchpriority=\"high\" decoding=\"async\" width=\"1024\" height=\"770\" src=\"https:\/\/www.skbrdasplit.hr\/wp-content\/uploads\/2024\/03\/5d6fb54a-0fc2-4391-9ecf-3de533612496-1024x770.jpg\" alt=\"\" class=\"wp-image-1067\" srcset=\"https:\/\/www.skbrdasplit.hr\/wp-content\/uploads\/2024\/03\/5d6fb54a-0fc2-4391-9ecf-3de533612496-1024x770.jpg 1024w, https:\/\/www.skbrdasplit.hr\/wp-content\/uploads\/2024\/03\/5d6fb54a-0fc2-4391-9ecf-3de533612496-300x226.jpg 300w, https:\/\/www.skbrdasplit.hr\/wp-content\/uploads\/2024\/03\/5d6fb54a-0fc2-4391-9ecf-3de533612496-768x578.jpg 768w, https:\/\/www.skbrdasplit.hr\/wp-content\/uploads\/2024\/03\/5d6fb54a-0fc2-4391-9ecf-3de533612496.jpg 1280w\" sizes=\"(max-width: 1024px) 100vw, 1024px\" \/><figcaption class=\"wp-element-caption\"><em>Mateo Ivi\u0107 je dr\u017eao uvodno predavanje<\/em><\/figcaption><\/figure>\n\n\n\n<figure class=\"wp-block-image size-large\"><img decoding=\"async\" width=\"768\" height=\"1024\" src=\"https:\/\/www.skbrdasplit.hr\/wp-content\/uploads\/2024\/03\/c5896b1a-6aa5-43c9-9276-acded66af004-768x1024.jpg\" alt=\"\" class=\"wp-image-1069\" srcset=\"https:\/\/www.skbrdasplit.hr\/wp-content\/uploads\/2024\/03\/c5896b1a-6aa5-43c9-9276-acded66af004-768x1024.jpg 768w, https:\/\/www.skbrdasplit.hr\/wp-content\/uploads\/2024\/03\/c5896b1a-6aa5-43c9-9276-acded66af004-225x300.jpg 225w, https:\/\/www.skbrdasplit.hr\/wp-content\/uploads\/2024\/03\/c5896b1a-6aa5-43c9-9276-acded66af004.jpg 960w\" sizes=\"(max-width: 768px) 100vw, 768px\" \/><figcaption class=\"wp-element-caption\"><em>Klub je gorio od br\u0111ana i hajdukovaca<\/em><\/figcaption><\/figure>\n\n\n\n<figure class=\"wp-block-image size-large\"><img decoding=\"async\" width=\"1024\" height=\"771\" src=\"https:\/\/www.skbrdasplit.hr\/wp-content\/uploads\/2024\/03\/0f60b508-9ef7-4084-9f80-5f65b0b31140-1024x771.jpg\" alt=\"\" class=\"wp-image-1071\" srcset=\"https:\/\/www.skbrdasplit.hr\/wp-content\/uploads\/2024\/03\/0f60b508-9ef7-4084-9f80-5f65b0b31140-1024x771.jpg 1024w, https:\/\/www.skbrdasplit.hr\/wp-content\/uploads\/2024\/03\/0f60b508-9ef7-4084-9f80-5f65b0b31140-300x226.jpg 300w, https:\/\/www.skbrdasplit.hr\/wp-content\/uploads\/2024\/03\/0f60b508-9ef7-4084-9f80-5f65b0b31140-768x578.jpg 768w, https:\/\/www.skbrdasplit.hr\/wp-content\/uploads\/2024\/03\/0f60b508-9ef7-4084-9f80-5f65b0b31140.jpg 1280w\" sizes=\"(max-width: 1024px) 100vw, 1024px\" \/><figcaption class=\"wp-element-caption\"><em> &#8216;Don Vito&#8217; u akciji<\/em><\/figcaption><\/figure>\n\n\n\n<figure class=\"wp-block-image size-large\"><img loading=\"lazy\" decoding=\"async\" width=\"1024\" height=\"771\" src=\"https:\/\/www.skbrdasplit.hr\/wp-content\/uploads\/2024\/03\/cf14c7c2-cb13-44a4-bfeb-c2d4edd02855-1024x771.jpg\" alt=\"\" class=\"wp-image-1083\" srcset=\"https:\/\/www.skbrdasplit.hr\/wp-content\/uploads\/2024\/03\/cf14c7c2-cb13-44a4-bfeb-c2d4edd02855-1024x771.jpg 1024w, https:\/\/www.skbrdasplit.hr\/wp-content\/uploads\/2024\/03\/cf14c7c2-cb13-44a4-bfeb-c2d4edd02855-300x226.jpg 300w, https:\/\/www.skbrdasplit.hr\/wp-content\/uploads\/2024\/03\/cf14c7c2-cb13-44a4-bfeb-c2d4edd02855-768x578.jpg 768w, https:\/\/www.skbrdasplit.hr\/wp-content\/uploads\/2024\/03\/cf14c7c2-cb13-44a4-bfeb-c2d4edd02855.jpg 1280w\" sizes=\"(max-width: 1024px) 100vw, 1024px\" \/><figcaption class=\"wp-element-caption\"><em>Zbog popularne Livaja majice mnogi kadeti Hajduka su mislili da je Marko Gligo njihov<\/em><\/figcaption><\/figure>\n\n\n\n<figure class=\"wp-block-image size-large\"><img loading=\"lazy\" decoding=\"async\" width=\"1024\" height=\"771\" src=\"https:\/\/www.skbrdasplit.hr\/wp-content\/uploads\/2024\/03\/37b6bcf1-8d4c-4551-8d4c-af316f71a07c-1024x771.jpg\" alt=\"\" class=\"wp-image-1073\" srcset=\"https:\/\/www.skbrdasplit.hr\/wp-content\/uploads\/2024\/03\/37b6bcf1-8d4c-4551-8d4c-af316f71a07c-1024x771.jpg 1024w, https:\/\/www.skbrdasplit.hr\/wp-content\/uploads\/2024\/03\/37b6bcf1-8d4c-4551-8d4c-af316f71a07c-300x226.jpg 300w, https:\/\/www.skbrdasplit.hr\/wp-content\/uploads\/2024\/03\/37b6bcf1-8d4c-4551-8d4c-af316f71a07c-768x578.jpg 768w, https:\/\/www.skbrdasplit.hr\/wp-content\/uploads\/2024\/03\/37b6bcf1-8d4c-4551-8d4c-af316f71a07c.jpg 1280w\" sizes=\"(max-width: 1024px) 100vw, 1024px\" \/><figcaption class=\"wp-element-caption\"><em>Nikola Rehak je igrao istovremeno s dva protivnika<\/em><\/figcaption><\/figure>\n\n\n\n<figure class=\"wp-block-image size-large\"><img loading=\"lazy\" decoding=\"async\" width=\"1024\" height=\"768\" src=\"https:\/\/www.skbrdasplit.hr\/wp-content\/uploads\/2024\/03\/b44b4d6c-5184-4bd3-9349-6c14e9e52bea-1024x768.jpg\" alt=\"\" class=\"wp-image-1075\" srcset=\"https:\/\/www.skbrdasplit.hr\/wp-content\/uploads\/2024\/03\/b44b4d6c-5184-4bd3-9349-6c14e9e52bea-1024x768.jpg 1024w, https:\/\/www.skbrdasplit.hr\/wp-content\/uploads\/2024\/03\/b44b4d6c-5184-4bd3-9349-6c14e9e52bea-300x225.jpg 300w, https:\/\/www.skbrdasplit.hr\/wp-content\/uploads\/2024\/03\/b44b4d6c-5184-4bd3-9349-6c14e9e52bea-768x576.jpg 768w, https:\/\/www.skbrdasplit.hr\/wp-content\/uploads\/2024\/03\/b44b4d6c-5184-4bd3-9349-6c14e9e52bea.jpg 1280w\" sizes=\"(max-width: 1024px) 100vw, 1024px\" \/><figcaption class=\"wp-element-caption\"><em>Ante Gr\u010di\u0107 u dru\u0161tvu Nike Pavi\u0107a, juniora Hajduka i sudionika povijesnog pohoda u finale Lige prvaka<\/em><\/figcaption><\/figure>\n\n\n\n<figure class=\"wp-block-image size-large\"><img loading=\"lazy\" decoding=\"async\" width=\"1024\" height=\"771\" src=\"https:\/\/www.skbrdasplit.hr\/wp-content\/uploads\/2024\/03\/e34a2c88-ff0c-477d-9d93-63d6b26aada4-1024x771.jpg\" alt=\"\" class=\"wp-image-1077\" srcset=\"https:\/\/www.skbrdasplit.hr\/wp-content\/uploads\/2024\/03\/e34a2c88-ff0c-477d-9d93-63d6b26aada4-1024x771.jpg 1024w, https:\/\/www.skbrdasplit.hr\/wp-content\/uploads\/2024\/03\/e34a2c88-ff0c-477d-9d93-63d6b26aada4-300x226.jpg 300w, https:\/\/www.skbrdasplit.hr\/wp-content\/uploads\/2024\/03\/e34a2c88-ff0c-477d-9d93-63d6b26aada4-768x578.jpg 768w, https:\/\/www.skbrdasplit.hr\/wp-content\/uploads\/2024\/03\/e34a2c88-ff0c-477d-9d93-63d6b26aada4.jpg 1280w\" sizes=\"(max-width: 1024px) 100vw, 1024px\" \/><figcaption class=\"wp-element-caption\"><em>Fran Babi\u0107 \u0160i\u0161ina\u010dki okru\u017een &#8216;hajducima&#8217;<\/em><\/figcaption><\/figure>\n\n\n\n<figure class=\"wp-block-image size-large\"><img loading=\"lazy\" decoding=\"async\" width=\"1024\" height=\"771\" src=\"https:\/\/www.skbrdasplit.hr\/wp-content\/uploads\/2024\/03\/f527a065-6522-4c4f-adec-4dd574e8e151-1024x771.jpg\" alt=\"\" class=\"wp-image-1079\" srcset=\"https:\/\/www.skbrdasplit.hr\/wp-content\/uploads\/2024\/03\/f527a065-6522-4c4f-adec-4dd574e8e151-1024x771.jpg 1024w, https:\/\/www.skbrdasplit.hr\/wp-content\/uploads\/2024\/03\/f527a065-6522-4c4f-adec-4dd574e8e151-300x226.jpg 300w, https:\/\/www.skbrdasplit.hr\/wp-content\/uploads\/2024\/03\/f527a065-6522-4c4f-adec-4dd574e8e151-768x578.jpg 768w, https:\/\/www.skbrdasplit.hr\/wp-content\/uploads\/2024\/03\/f527a065-6522-4c4f-adec-4dd574e8e151.jpg 1280w\" sizes=\"(max-width: 1024px) 100vw, 1024px\" \/><figcaption class=\"wp-element-caption\"><em>&#8216;Mimicakis&#8217; protiv dvojice djelatnika Hajduka<\/em><\/figcaption><\/figure>\n\n\n\n<figure class=\"wp-block-image size-large\"><img loading=\"lazy\" decoding=\"async\" width=\"1024\" height=\"771\" src=\"https:\/\/www.skbrdasplit.hr\/wp-content\/uploads\/2024\/03\/f6920829-ab99-45cf-a638-5b11f3ce7152-1024x771.jpg\" alt=\"\" class=\"wp-image-1081\" srcset=\"https:\/\/www.skbrdasplit.hr\/wp-content\/uploads\/2024\/03\/f6920829-ab99-45cf-a638-5b11f3ce7152-1024x771.jpg 1024w, https:\/\/www.skbrdasplit.hr\/wp-content\/uploads\/2024\/03\/f6920829-ab99-45cf-a638-5b11f3ce7152-300x226.jpg 300w, https:\/\/www.skbrdasplit.hr\/wp-content\/uploads\/2024\/03\/f6920829-ab99-45cf-a638-5b11f3ce7152-768x578.jpg 768w, https:\/\/www.skbrdasplit.hr\/wp-content\/uploads\/2024\/03\/f6920829-ab99-45cf-a638-5b11f3ce7152.jpg 1280w\" sizes=\"(max-width: 1024px) 100vw, 1024px\" \/><figcaption class=\"wp-element-caption\"><em> Nasmijani \u017dile je tek nakon te\u0161ke bitke upisao pobjede<\/em><\/figcaption><\/figure>\n","protected":false},"excerpt":{"rendered":"<p>Kadeti Hajduka, zajedno s svojim pedagozima, trenerima i psiholozima posjetili na\u0161 \u0161ahovski klub i odmjerili snage sa svojim vr\u0161njacima iz \u0161ahovskog kluba Brda. Ovaj posjet je bila ideja jednog od pedagoga u Hajduku, a ujedno i prijatelja na\u0161eg kluba Ante Gr\u010di\u0107a koji je osmislio ovaj posjet i tako spojio dva giganta. Voditelj \u0161kole \u0161aha Mateo [&hellip;]<\/p>\n","protected":false},"author":2,"featured_media":1085,"comment_status":"open","ping_status":"open","sticky":false,"template":"","format":"standard","meta":{"_joinchat":[],"footnotes":""},"categories":[7],"tags":[],"class_list":["post-1066","post","type-post","status-publish","format-standard","has-post-thumbnail","hentry","category-aktualno"],"yoast_head":"<!-- This site is optimized with the Yoast SEO plugin v26.6 - https:\/\/yoast.com\/wordpress\/plugins\/seo\/ -->\n<title>Kadeti Hajduka posjetili \u0160K Brda - \u0160ahovski klub Brda Split<\/title>\n<meta name=\"robots\" content=\"index, follow, max-snippet:-1, max-image-preview:large, max-video-preview:-1\" \/>\n<link rel=\"canonical\" href=\"https:\/\/www.skbrdasplit.hr\/hr\/kadeti-hajduka-posjetili-sk-brda\/\" \/>\n<meta property=\"og:locale\" content=\"hr_HR\" \/>\n<meta property=\"og:type\" content=\"article\" \/>\n<meta property=\"og:title\" content=\"Kadeti Hajduka posjetili \u0160K Brda - \u0160ahovski klub Brda Split\" \/>\n<meta property=\"og:description\" content=\"Kadeti Hajduka, zajedno s svojim pedagozima, trenerima i psiholozima posjetili na\u0161 \u0161ahovski klub i odmjerili snage sa svojim vr\u0161njacima iz \u0161ahovskog kluba Brda. Ovaj posjet je bila ideja jednog od pedagoga u Hajduku, a ujedno i prijatelja na\u0161eg kluba Ante Gr\u010di\u0107a koji je osmislio ovaj posjet i tako spojio dva giganta. Voditelj \u0161kole \u0161aha Mateo [&hellip;]\" \/>\n<meta property=\"og:url\" content=\"https:\/\/www.skbrdasplit.hr\/hr\/kadeti-hajduka-posjetili-sk-brda\/\" \/>\n<meta property=\"og:site_name\" content=\"\u0160ahovski klub Brda Split\" \/>\n<meta property=\"article:published_time\" content=\"2024-03-05T23:55:19+00:00\" \/>\n<meta property=\"article:modified_time\" content=\"2024-03-06T00:01:05+00:00\" \/>\n<meta property=\"og:image\" content=\"https:\/\/www.skbrdasplit.hr\/wp-content\/uploads\/2024\/03\/1dbdf330-3905-4be7-962d-e109d58b602f.jpg\" \/>\n\t<meta property=\"og:image:width\" content=\"1280\" \/>\n\t<meta property=\"og:image:height\" content=\"963\" \/>\n\t<meta property=\"og:image:type\" content=\"image\/jpeg\" \/>\n<meta name=\"author\" content=\"mateo\" \/>\n<meta name=\"twitter:card\" content=\"summary_large_image\" \/>\n<meta name=\"twitter:label1\" content=\"Napisao\/la\" \/>\n\t<meta name=\"twitter:data1\" content=\"mateo\" \/>\n\t<meta name=\"twitter:label2\" content=\"Procijenjeno vrijeme \u010ditanja\" \/>\n\t<meta name=\"twitter:data2\" content=\"5 minuta\" \/>\n<script type=\"application\/ld+json\" class=\"yoast-schema-graph\">{\"@context\":\"https:\/\/schema.org\",\"@graph\":[{\"@type\":\"Article\",\"@id\":\"https:\/\/www.skbrdasplit.hr\/hr\/kadeti-hajduka-posjetili-sk-brda\/#article\",\"isPartOf\":{\"@id\":\"https:\/\/www.skbrdasplit.hr\/hr\/kadeti-hajduka-posjetili-sk-brda\/\"},\"author\":{\"name\":\"mateo\",\"@id\":\"https:\/\/www.skbrdasplit.hr\/hr\/#\/schema\/person\/d07056807ce58c7e60050cee355dfdbe\"},\"headline\":\"Kadeti Hajduka posjetili \u0160K Brda\",\"datePublished\":\"2024-03-05T23:55:19+00:00\",\"dateModified\":\"2024-03-06T00:01:05+00:00\",\"mainEntityOfPage\":{\"@id\":\"https:\/\/www.skbrdasplit.hr\/hr\/kadeti-hajduka-posjetili-sk-brda\/\"},\"wordCount\":478,\"commentCount\":0,\"publisher\":{\"@id\":\"https:\/\/www.skbrdasplit.hr\/hr\/#organization\"},\"image\":{\"@id\":\"https:\/\/www.skbrdasplit.hr\/hr\/kadeti-hajduka-posjetili-sk-brda\/#primaryimage\"},\"thumbnailUrl\":\"https:\/\/www.skbrdasplit.hr\/wp-content\/uploads\/2024\/03\/1dbdf330-3905-4be7-962d-e109d58b602f.jpg\",\"articleSection\":[\"Aktualno\"],\"inLanguage\":\"hr\",\"potentialAction\":[{\"@type\":\"CommentAction\",\"name\":\"Comment\",\"target\":[\"https:\/\/www.skbrdasplit.hr\/hr\/kadeti-hajduka-posjetili-sk-brda\/#respond\"]}]},{\"@type\":\"WebPage\",\"@id\":\"https:\/\/www.skbrdasplit.hr\/hr\/kadeti-hajduka-posjetili-sk-brda\/\",\"url\":\"https:\/\/www.skbrdasplit.hr\/hr\/kadeti-hajduka-posjetili-sk-brda\/\",\"name\":\"Kadeti Hajduka posjetili \u0160K Brda - \u0160ahovski klub Brda Split\",\"isPartOf\":{\"@id\":\"https:\/\/www.skbrdasplit.hr\/hr\/#website\"},\"primaryImageOfPage\":{\"@id\":\"https:\/\/www.skbrdasplit.hr\/hr\/kadeti-hajduka-posjetili-sk-brda\/#primaryimage\"},\"image\":{\"@id\":\"https:\/\/www.skbrdasplit.hr\/hr\/kadeti-hajduka-posjetili-sk-brda\/#primaryimage\"},\"thumbnailUrl\":\"https:\/\/www.skbrdasplit.hr\/wp-content\/uploads\/2024\/03\/1dbdf330-3905-4be7-962d-e109d58b602f.jpg\",\"datePublished\":\"2024-03-05T23:55:19+00:00\",\"dateModified\":\"2024-03-06T00:01:05+00:00\",\"breadcrumb\":{\"@id\":\"https:\/\/www.skbrdasplit.hr\/hr\/kadeti-hajduka-posjetili-sk-brda\/#breadcrumb\"},\"inLanguage\":\"hr\",\"potentialAction\":[{\"@type\":\"ReadAction\",\"target\":[\"https:\/\/www.skbrdasplit.hr\/hr\/kadeti-hajduka-posjetili-sk-brda\/\"]}]},{\"@type\":\"ImageObject\",\"inLanguage\":\"hr\",\"@id\":\"https:\/\/www.skbrdasplit.hr\/hr\/kadeti-hajduka-posjetili-sk-brda\/#primaryimage\",\"url\":\"https:\/\/www.skbrdasplit.hr\/wp-content\/uploads\/2024\/03\/1dbdf330-3905-4be7-962d-e109d58b602f.jpg\",\"contentUrl\":\"https:\/\/www.skbrdasplit.hr\/wp-content\/uploads\/2024\/03\/1dbdf330-3905-4be7-962d-e109d58b602f.jpg\",\"width\":1280,\"height\":963,\"caption\":\"\u0160K Brda - HNK Hajduk\"},{\"@type\":\"BreadcrumbList\",\"@id\":\"https:\/\/www.skbrdasplit.hr\/hr\/kadeti-hajduka-posjetili-sk-brda\/#breadcrumb\",\"itemListElement\":[{\"@type\":\"ListItem\",\"position\":1,\"name\":\"Po\u010detna stranica\",\"item\":\"https:\/\/www.skbrdasplit.hr\/hr\/naslovnica\/\"},{\"@type\":\"ListItem\",\"position\":2,\"name\":\"Kadeti Hajduka posjetili \u0160K Brda\"}]},{\"@type\":\"WebSite\",\"@id\":\"https:\/\/www.skbrdasplit.hr\/hr\/#website\",\"url\":\"https:\/\/www.skbrdasplit.hr\/hr\/\",\"name\":\"\u0160ahovski klub Brda Split\",\"description\":\"\u0160ahovski klub Brda Split\",\"publisher\":{\"@id\":\"https:\/\/www.skbrdasplit.hr\/hr\/#organization\"},\"potentialAction\":[{\"@type\":\"SearchAction\",\"target\":{\"@type\":\"EntryPoint\",\"urlTemplate\":\"https:\/\/www.skbrdasplit.hr\/hr\/?s={search_term_string}\"},\"query-input\":{\"@type\":\"PropertyValueSpecification\",\"valueRequired\":true,\"valueName\":\"search_term_string\"}}],\"inLanguage\":\"hr\"},{\"@type\":\"Organization\",\"@id\":\"https:\/\/www.skbrdasplit.hr\/hr\/#organization\",\"name\":\"\u0160ahovski klub Brda Split\",\"url\":\"https:\/\/www.skbrdasplit.hr\/hr\/\",\"logo\":{\"@type\":\"ImageObject\",\"inLanguage\":\"hr\",\"@id\":\"https:\/\/www.skbrdasplit.hr\/hr\/#\/schema\/logo\/image\/\",\"url\":\"https:\/\/www.skbrdasplit.hr\/wp-content\/uploads\/2022\/10\/LOGO.png\",\"contentUrl\":\"https:\/\/www.skbrdasplit.hr\/wp-content\/uploads\/2022\/10\/LOGO.png\",\"width\":1155,\"height\":374,\"caption\":\"\u0160ahovski klub Brda Split\"},\"image\":{\"@id\":\"https:\/\/www.skbrdasplit.hr\/hr\/#\/schema\/logo\/image\/\"}},{\"@type\":\"Person\",\"@id\":\"https:\/\/www.skbrdasplit.hr\/hr\/#\/schema\/person\/d07056807ce58c7e60050cee355dfdbe\",\"name\":\"mateo\",\"image\":{\"@type\":\"ImageObject\",\"inLanguage\":\"hr\",\"@id\":\"https:\/\/www.skbrdasplit.hr\/hr\/#\/schema\/person\/image\/\",\"url\":\"https:\/\/secure.gravatar.com\/avatar\/eca80a2b93ffacef29b2a456fc5318e1ecacf9a4e7c55792a7964c1838bd6cdf?s=96&d=mm&r=g\",\"contentUrl\":\"https:\/\/secure.gravatar.com\/avatar\/eca80a2b93ffacef29b2a456fc5318e1ecacf9a4e7c55792a7964c1838bd6cdf?s=96&d=mm&r=g\",\"caption\":\"mateo\"},\"url\":\"https:\/\/www.skbrdasplit.hr\/hr\/author\/mateo\/\"}]}<\/script>\n<!-- \/ Yoast SEO plugin. -->","yoast_head_json":{"title":"Kadeti Hajduka posjetili \u0160K Brda - \u0160ahovski klub Brda Split","robots":{"index":"index","follow":"follow","max-snippet":"max-snippet:-1","max-image-preview":"max-image-preview:large","max-video-preview":"max-video-preview:-1"},"canonical":"https:\/\/www.skbrdasplit.hr\/hr\/kadeti-hajduka-posjetili-sk-brda\/","og_locale":"hr_HR","og_type":"article","og_title":"Kadeti Hajduka posjetili \u0160K Brda - \u0160ahovski klub Brda Split","og_description":"Kadeti Hajduka, zajedno s svojim pedagozima, trenerima i psiholozima posjetili na\u0161 \u0161ahovski klub i odmjerili snage sa svojim vr\u0161njacima iz \u0161ahovskog kluba Brda. Ovaj posjet je bila ideja jednog od pedagoga u Hajduku, a ujedno i prijatelja na\u0161eg kluba Ante Gr\u010di\u0107a koji je osmislio ovaj posjet i tako spojio dva giganta. Voditelj \u0161kole \u0161aha Mateo [&hellip;]","og_url":"https:\/\/www.skbrdasplit.hr\/hr\/kadeti-hajduka-posjetili-sk-brda\/","og_site_name":"\u0160ahovski klub Brda Split","article_published_time":"2024-03-05T23:55:19+00:00","article_modified_time":"2024-03-06T00:01:05+00:00","og_image":[{"width":1280,"height":963,"url":"https:\/\/www.skbrdasplit.hr\/wp-content\/uploads\/2024\/03\/1dbdf330-3905-4be7-962d-e109d58b602f.jpg","type":"image\/jpeg"}],"author":"mateo","twitter_card":"summary_large_image","twitter_misc":{"Napisao\/la":"mateo","Procijenjeno vrijeme \u010ditanja":"5 minuta"},"schema":{"@context":"https:\/\/schema.org","@graph":[{"@type":"Article","@id":"https:\/\/www.skbrdasplit.hr\/hr\/kadeti-hajduka-posjetili-sk-brda\/#article","isPartOf":{"@id":"https:\/\/www.skbrdasplit.hr\/hr\/kadeti-hajduka-posjetili-sk-brda\/"},"author":{"name":"mateo","@id":"https:\/\/www.skbrdasplit.hr\/hr\/#\/schema\/person\/d07056807ce58c7e60050cee355dfdbe"},"headline":"Kadeti Hajduka posjetili \u0160K Brda","datePublished":"2024-03-05T23:55:19+00:00","dateModified":"2024-03-06T00:01:05+00:00","mainEntityOfPage":{"@id":"https:\/\/www.skbrdasplit.hr\/hr\/kadeti-hajduka-posjetili-sk-brda\/"},"wordCount":478,"commentCount":0,"publisher":{"@id":"https:\/\/www.skbrdasplit.hr\/hr\/#organization"},"image":{"@id":"https:\/\/www.skbrdasplit.hr\/hr\/kadeti-hajduka-posjetili-sk-brda\/#primaryimage"},"thumbnailUrl":"https:\/\/www.skbrdasplit.hr\/wp-content\/uploads\/2024\/03\/1dbdf330-3905-4be7-962d-e109d58b602f.jpg","articleSection":["Aktualno"],"inLanguage":"hr","potentialAction":[{"@type":"CommentAction","name":"Comment","target":["https:\/\/www.skbrdasplit.hr\/hr\/kadeti-hajduka-posjetili-sk-brda\/#respond"]}]},{"@type":"WebPage","@id":"https:\/\/www.skbrdasplit.hr\/hr\/kadeti-hajduka-posjetili-sk-brda\/","url":"https:\/\/www.skbrdasplit.hr\/hr\/kadeti-hajduka-posjetili-sk-brda\/","name":"Kadeti Hajduka posjetili \u0160K Brda - \u0160ahovski klub Brda Split","isPartOf":{"@id":"https:\/\/www.skbrdasplit.hr\/hr\/#website"},"primaryImageOfPage":{"@id":"https:\/\/www.skbrdasplit.hr\/hr\/kadeti-hajduka-posjetili-sk-brda\/#primaryimage"},"image":{"@id":"https:\/\/www.skbrdasplit.hr\/hr\/kadeti-hajduka-posjetili-sk-brda\/#primaryimage"},"thumbnailUrl":"https:\/\/www.skbrdasplit.hr\/wp-content\/uploads\/2024\/03\/1dbdf330-3905-4be7-962d-e109d58b602f.jpg","datePublished":"2024-03-05T23:55:19+00:00","dateModified":"2024-03-06T00:01:05+00:00","breadcrumb":{"@id":"https:\/\/www.skbrdasplit.hr\/hr\/kadeti-hajduka-posjetili-sk-brda\/#breadcrumb"},"inLanguage":"hr","potentialAction":[{"@type":"ReadAction","target":["https:\/\/www.skbrdasplit.hr\/hr\/kadeti-hajduka-posjetili-sk-brda\/"]}]},{"@type":"ImageObject","inLanguage":"hr","@id":"https:\/\/www.skbrdasplit.hr\/hr\/kadeti-hajduka-posjetili-sk-brda\/#primaryimage","url":"https:\/\/www.skbrdasplit.hr\/wp-content\/uploads\/2024\/03\/1dbdf330-3905-4be7-962d-e109d58b602f.jpg","contentUrl":"https:\/\/www.skbrdasplit.hr\/wp-content\/uploads\/2024\/03\/1dbdf330-3905-4be7-962d-e109d58b602f.jpg","width":1280,"height":963,"caption":"\u0160K Brda - HNK Hajduk"},{"@type":"BreadcrumbList","@id":"https:\/\/www.skbrdasplit.hr\/hr\/kadeti-hajduka-posjetili-sk-brda\/#breadcrumb","itemListElement":[{"@type":"ListItem","position":1,"name":"Po\u010detna stranica","item":"https:\/\/www.skbrdasplit.hr\/hr\/naslovnica\/"},{"@type":"ListItem","position":2,"name":"Kadeti Hajduka posjetili \u0160K Brda"}]},{"@type":"WebSite","@id":"https:\/\/www.skbrdasplit.hr\/hr\/#website","url":"https:\/\/www.skbrdasplit.hr\/hr\/","name":"\u0160ahovski klub Brda Split","description":"\u0160ahovski klub Brda Split","publisher":{"@id":"https:\/\/www.skbrdasplit.hr\/hr\/#organization"},"potentialAction":[{"@type":"SearchAction","target":{"@type":"EntryPoint","urlTemplate":"https:\/\/www.skbrdasplit.hr\/hr\/?s={search_term_string}"},"query-input":{"@type":"PropertyValueSpecification","valueRequired":true,"valueName":"search_term_string"}}],"inLanguage":"hr"},{"@type":"Organization","@id":"https:\/\/www.skbrdasplit.hr\/hr\/#organization","name":"\u0160ahovski klub Brda Split","url":"https:\/\/www.skbrdasplit.hr\/hr\/","logo":{"@type":"ImageObject","inLanguage":"hr","@id":"https:\/\/www.skbrdasplit.hr\/hr\/#\/schema\/logo\/image\/","url":"https:\/\/www.skbrdasplit.hr\/wp-content\/uploads\/2022\/10\/LOGO.png","contentUrl":"https:\/\/www.skbrdasplit.hr\/wp-content\/uploads\/2022\/10\/LOGO.png","width":1155,"height":374,"caption":"\u0160ahovski klub Brda Split"},"image":{"@id":"https:\/\/www.skbrdasplit.hr\/hr\/#\/schema\/logo\/image\/"}},{"@type":"Person","@id":"https:\/\/www.skbrdasplit.hr\/hr\/#\/schema\/person\/d07056807ce58c7e60050cee355dfdbe","name":"mateo","image":{"@type":"ImageObject","inLanguage":"hr","@id":"https:\/\/www.skbrdasplit.hr\/hr\/#\/schema\/person\/image\/","url":"https:\/\/secure.gravatar.com\/avatar\/eca80a2b93ffacef29b2a456fc5318e1ecacf9a4e7c55792a7964c1838bd6cdf?s=96&d=mm&r=g","contentUrl":"https:\/\/secure.gravatar.com\/avatar\/eca80a2b93ffacef29b2a456fc5318e1ecacf9a4e7c55792a7964c1838bd6cdf?s=96&d=mm&r=g","caption":"mateo"},"url":"https:\/\/www.skbrdasplit.hr\/hr\/author\/mateo\/"}]}},"_links":{"self":[{"href":"https:\/\/www.skbrdasplit.hr\/hr\/wp-json\/wp\/v2\/posts\/1066","targetHints":{"allow":["GET"]}}],"collection":[{"href":"https:\/\/www.skbrdasplit.hr\/hr\/wp-json\/wp\/v2\/posts"}],"about":[{"href":"https:\/\/www.skbrdasplit.hr\/hr\/wp-json\/wp\/v2\/types\/post"}],"author":[{"embeddable":true,"href":"https:\/\/www.skbrdasplit.hr\/hr\/wp-json\/wp\/v2\/users\/2"}],"replies":[{"embeddable":true,"href":"https:\/\/www.skbrdasplit.hr\/hr\/wp-json\/wp\/v2\/comments?post=1066"}],"version-history":[{"count":3,"href":"https:\/\/www.skbrdasplit.hr\/hr\/wp-json\/wp\/v2\/posts\/1066\/revisions"}],"predecessor-version":[{"id":1090,"href":"https:\/\/www.skbrdasplit.hr\/hr\/wp-json\/wp\/v2\/posts\/1066\/revisions\/1090"}],"wp:featuredmedia":[{"embeddable":true,"href":"https:\/\/www.skbrdasplit.hr\/hr\/wp-json\/wp\/v2\/media\/1085"}],"wp:attachment":[{"href":"https:\/\/www.skbrdasplit.hr\/hr\/wp-json\/wp\/v2\/media?parent=1066"}],"wp:term":[{"taxonomy":"category","embeddable":true,"href":"https:\/\/www.skbrdasplit.hr\/hr\/wp-json\/wp\/v2\/categories?post=1066"},{"taxonomy":"post_tag","embeddable":true,"href":"https:\/\/www.skbrdasplit.hr\/hr\/wp-json\/wp\/v2\/tags?post=1066"}],"curies":[{"name":"wp","href":"https:\/\/api.w.org\/{rel}","templated":true}]}}