{"id":566,"date":"2023-03-03T15:55:01","date_gmt":"2023-03-03T15:55:01","guid":{"rendered":"https:\/\/www.skbrdasplit.hr\/?p=566"},"modified":"2023-03-03T15:58:31","modified_gmt":"2023-03-03T15:58:31","slug":"ante-tomas-osvojio-2-otvoreno-prvenstvo-sk-brda","status":"publish","type":"post","link":"https:\/\/www.skbrdasplit.hr\/hr\/ante-tomas-osvojio-2-otvoreno-prvenstvo-sk-brda\/","title":{"rendered":"Ante Toma\u0161 osvojio 2. Otvoreno prvenstvo \u0160K Brda"},"content":{"rendered":"\n<p>Od 19. do 25. velja\u010de je u prostorijama \u0160K Brda odigrano 2. otvoreno prvenstvo kluba. Sudjelovalo je 29 igra\u010da, igralo se 7 kola \u0161vicarskim sustavom uz budnu pratnju glavnog suca <strong>Vladimira Cvetni\u0107a<\/strong> i njegovog zamjenika<strong> Matea Ivi\u0107a<\/strong>. Turnir je na kraju osvojio doma\u0107i igra\u010d<strong> Ante Toma\u0161<\/strong> sa 6 bodova. Toma\u0161 je uspio obraniti naslov koji je i pro\u0161le godine osvojio.&#8217;Tomashevskom&#8217; je za vrat puhalo najnovije poja\u010danje \u0160K Brda <strong>Lovro \u010cupi\u0107<\/strong>, koji se na kraju s 5,5 bodova morao zadovoljiti drugim mjestom. Lovro je pokazao dobru igru, te \u0107e sigurno biti vrijedno poja\u010danje za prvu ekipu u 1.B ligi.  Bronca je pripala <strong>Domagoju Begi\u0107u<\/strong> iz \u0160K Petar Sedlar Pepe, koji je s 5 bodova imao bolje dodatne kriterije od <strong>Zlatka Pavi\u010devi\u0107a<\/strong>, koji je zavr\u0161io na \u010detvrtom mjestu. Zlatku je ovo ina\u010de bio prvi rejtingirani turnir u \u017eivotu, te je zaslu\u017eio sve pohvale za sjajan nastup, a zanat je &#8216;ispekao&#8217; redovitim dolascima na tjedni klupski cuger petkom. Vrijedi spomenuti i odli\u010dan nastup na\u0161e omladine. 7. mjesto je osvojio kadet \u0160K Brda <strong>Mihovil \u017divkovi\u0107<\/strong> sa 4,5 boda. \u017divkovi\u0107 je bio i u \u0161ansi za prvo mjesto, ali je porazom u zadnjem kolu protiv Toma\u0161a pao u ukupnom poretku. Uz vrijedne skalpove <strong>Stipe Poljaka <\/strong>i <strong>Ive Novaka<\/strong>, &#8216;\u017dile&#8217; je zaradio 68 rejting bodova. Osmo mjesto je osvojio jo\u0161 jedan kadet \u0160K Brda <strong>Bo\u017eidar Rehak<\/strong>.  Bo\u017eo je osvojio 66 rejting bodova, a od njegovih rezultata vrijedi istaknuti remi u prvom kolu s iskusnim prvokategornikom <strong>Bo\u017eom Joki\u0107em<\/strong>, ina\u010de tre\u0107im nositeljem turnira. Deseto mjesto je osvojio sada ve\u0107 junior<strong> Jakov Bori\u0107<\/strong> sa 4 boda. Bori\u0107 je zavr\u0161io ovaj turnir u plusu od 8 poena rejtinga iako je ve\u0107inu turnira igrao pod virozom, te je time pokazao veliku privr\u017eenost \u0161ahu. Da je bio 100% zdrav, sigurno bio osvojio koji bod vi\u0161e. Prvi turnir u \u017eivotu su odigrali i na\u0161i <strong>Marko Prki\u0107<\/strong> i<strong> Nikola Juri\u0161i\u0107<\/strong>. Marko je osvojio 3,5 a Nikola 3 boda. Vrijedi naglasiti da su obojica uspjela remizirati partiju iskusnom <strong>Branku \u0160ari\u0107u<\/strong>. Sjajan dojam je ostavila na\u0161a velika nada, 11-godi\u0161nji <strong>Vito Nimac Kalcina<\/strong>. &#8216;Don Vito&#8217; je osvojio &#8216;samo&#8217; 3 boda, iako je po prikazanoj igri zaslu\u017eio puno vi\u0161e. U prvom kolu je prakti\u010dki do samog kraja dr\u017eao remi s Toma\u0161em, a u \u0161estom kolu je nesretno izgubio od <strong>Ivana Ercegovi\u0107a<\/strong> iako je u potpunosti nadigrao protivnika i bio totalno dobiven, no previdio je mat. Uslijedila je i pokoja suza, no sve je to dio \u0161ahovskog odrastanja i ne sumnjamo da \u0107e Vito kroz koju godinu izrasti u &#8216;\u0161ahovsku zvijer&#8217;. Turnir je sa 2,5 boda i s 13 rejting bodova plusa okon\u010dao<strong> Tino Bolan\u010da<\/strong>, a sigurno mu je najdra\u017ea pobjeda nad klupskim suigra\u010dem, kadetom <strong>Matijom Mimicom<\/strong>. Popularni &#8216;Mimicakis&#8217; je u\u0161ao u turnir &#8216;ovjen\u010dan slavom&#8217; nakon osvojena 194 rejting boda na turnirima u Bo\u0161njacima i finalu kadetske lige. Na\u017ealost, na ovom turniru mu ni\u0161ta nije polazilo za rukom, no ne sumnjamo da \u0107e se brzo vratiti u staru formu. <strong>Roko Mu\u0161i\u0107<\/strong> i <strong>Kuzmi\u0107 Borna Zvonimir <\/strong>su zavr\u0161ili turnir s osvojenim 1,5 bodom i njima \u0107e ovo sigurno biti sjajno iskustvo u nadolaze\u0107im turnirima. Za kraj pohvalimo i na\u0161eg \u010dlana prve ekipe <strong>Marka \u0160ekelju<\/strong>, koji je ispekao meso na elektri\u010dnim gradelama u klubu, kojima su se po\u010dastili svi sudionici turniru po zavr\u0161etku zadnjeg kola.<\/p>\n","protected":false},"excerpt":{"rendered":"<p>Od 19. do 25. velja\u010de je u prostorijama \u0160K Brda odigrano 2. otvoreno prvenstvo kluba. Sudjelovalo je 29 igra\u010da, igralo se 7 kola \u0161vicarskim sustavom uz budnu pratnju glavnog suca Vladimira Cvetni\u0107a i njegovog zamjenika Matea Ivi\u0107a. Turnir je na kraju osvojio doma\u0107i igra\u010d Ante Toma\u0161 sa 6 bodova. Toma\u0161 je uspio obraniti naslov koji [&hellip;]<\/p>\n","protected":false},"author":2,"featured_media":567,"comment_status":"open","ping_status":"open","sticky":false,"template":"","format":"standard","meta":{"_joinchat":[],"footnotes":""},"categories":[7],"tags":[],"class_list":["post-566","post","type-post","status-publish","format-standard","has-post-thumbnail","hentry","category-aktualno"],"yoast_head":"<!-- This site is optimized with the Yoast SEO plugin v26.6 - https:\/\/yoast.com\/wordpress\/plugins\/seo\/ -->\n<title>Ante Toma\u0161 osvojio 2. Otvoreno prvenstvo \u0160K Brda - \u0160ahovski klub Brda Split<\/title>\n<meta name=\"robots\" content=\"index, follow, max-snippet:-1, max-image-preview:large, max-video-preview:-1\" \/>\n<link rel=\"canonical\" href=\"https:\/\/www.skbrdasplit.hr\/hr\/ante-tomas-osvojio-2-otvoreno-prvenstvo-sk-brda\/\" \/>\n<meta property=\"og:locale\" content=\"hr_HR\" \/>\n<meta property=\"og:type\" content=\"article\" \/>\n<meta property=\"og:title\" content=\"Ante Toma\u0161 osvojio 2. Otvoreno prvenstvo \u0160K Brda - \u0160ahovski klub Brda Split\" \/>\n<meta property=\"og:description\" content=\"Od 19. do 25. velja\u010de je u prostorijama \u0160K Brda odigrano 2. otvoreno prvenstvo kluba. Sudjelovalo je 29 igra\u010da, igralo se 7 kola \u0161vicarskim sustavom uz budnu pratnju glavnog suca Vladimira Cvetni\u0107a i njegovog zamjenika Matea Ivi\u0107a. Turnir je na kraju osvojio doma\u0107i igra\u010d Ante Toma\u0161 sa 6 bodova. Toma\u0161 je uspio obraniti naslov koji [&hellip;]\" \/>\n<meta property=\"og:url\" content=\"https:\/\/www.skbrdasplit.hr\/hr\/ante-tomas-osvojio-2-otvoreno-prvenstvo-sk-brda\/\" \/>\n<meta property=\"og:site_name\" content=\"\u0160ahovski klub Brda Split\" \/>\n<meta property=\"article:published_time\" content=\"2023-03-03T15:55:01+00:00\" \/>\n<meta property=\"article:modified_time\" content=\"2023-03-03T15:58:31+00:00\" \/>\n<meta property=\"og:image\" content=\"https:\/\/www.skbrdasplit.hr\/wp-content\/uploads\/2023\/02\/WhatsApp-Image-2023-02-27-at-14.47.50.jpeg\" \/>\n\t<meta property=\"og:image:width\" content=\"1280\" \/>\n\t<meta property=\"og:image:height\" content=\"1280\" \/>\n\t<meta property=\"og:image:type\" content=\"image\/jpeg\" \/>\n<meta name=\"author\" content=\"mateo\" \/>\n<meta name=\"twitter:card\" content=\"summary_large_image\" \/>\n<meta name=\"twitter:label1\" content=\"Napisao\/la\" \/>\n\t<meta name=\"twitter:data1\" content=\"mateo\" \/>\n\t<meta name=\"twitter:label2\" content=\"Procijenjeno vrijeme \u010ditanja\" \/>\n\t<meta name=\"twitter:data2\" content=\"3 minute\" \/>\n<script type=\"application\/ld+json\" class=\"yoast-schema-graph\">{\"@context\":\"https:\/\/schema.org\",\"@graph\":[{\"@type\":\"Article\",\"@id\":\"https:\/\/www.skbrdasplit.hr\/hr\/ante-tomas-osvojio-2-otvoreno-prvenstvo-sk-brda\/#article\",\"isPartOf\":{\"@id\":\"https:\/\/www.skbrdasplit.hr\/hr\/ante-tomas-osvojio-2-otvoreno-prvenstvo-sk-brda\/\"},\"author\":{\"name\":\"mateo\",\"@id\":\"https:\/\/www.skbrdasplit.hr\/hr\/#\/schema\/person\/d07056807ce58c7e60050cee355dfdbe\"},\"headline\":\"Ante Toma\u0161 osvojio 2. Otvoreno prvenstvo \u0160K Brda\",\"datePublished\":\"2023-03-03T15:55:01+00:00\",\"dateModified\":\"2023-03-03T15:58:31+00:00\",\"mainEntityOfPage\":{\"@id\":\"https:\/\/www.skbrdasplit.hr\/hr\/ante-tomas-osvojio-2-otvoreno-prvenstvo-sk-brda\/\"},\"wordCount\":574,\"commentCount\":0,\"publisher\":{\"@id\":\"https:\/\/www.skbrdasplit.hr\/hr\/#organization\"},\"image\":{\"@id\":\"https:\/\/www.skbrdasplit.hr\/hr\/ante-tomas-osvojio-2-otvoreno-prvenstvo-sk-brda\/#primaryimage\"},\"thumbnailUrl\":\"https:\/\/www.skbrdasplit.hr\/wp-content\/uploads\/2023\/02\/WhatsApp-Image-2023-02-27-at-14.47.50.jpeg\",\"articleSection\":[\"Aktualno\"],\"inLanguage\":\"hr\",\"potentialAction\":[{\"@type\":\"CommentAction\",\"name\":\"Comment\",\"target\":[\"https:\/\/www.skbrdasplit.hr\/hr\/ante-tomas-osvojio-2-otvoreno-prvenstvo-sk-brda\/#respond\"]}]},{\"@type\":\"WebPage\",\"@id\":\"https:\/\/www.skbrdasplit.hr\/hr\/ante-tomas-osvojio-2-otvoreno-prvenstvo-sk-brda\/\",\"url\":\"https:\/\/www.skbrdasplit.hr\/hr\/ante-tomas-osvojio-2-otvoreno-prvenstvo-sk-brda\/\",\"name\":\"Ante Toma\u0161 osvojio 2. Otvoreno prvenstvo \u0160K Brda - \u0160ahovski klub Brda Split\",\"isPartOf\":{\"@id\":\"https:\/\/www.skbrdasplit.hr\/hr\/#website\"},\"primaryImageOfPage\":{\"@id\":\"https:\/\/www.skbrdasplit.hr\/hr\/ante-tomas-osvojio-2-otvoreno-prvenstvo-sk-brda\/#primaryimage\"},\"image\":{\"@id\":\"https:\/\/www.skbrdasplit.hr\/hr\/ante-tomas-osvojio-2-otvoreno-prvenstvo-sk-brda\/#primaryimage\"},\"thumbnailUrl\":\"https:\/\/www.skbrdasplit.hr\/wp-content\/uploads\/2023\/02\/WhatsApp-Image-2023-02-27-at-14.47.50.jpeg\",\"datePublished\":\"2023-03-03T15:55:01+00:00\",\"dateModified\":\"2023-03-03T15:58:31+00:00\",\"breadcrumb\":{\"@id\":\"https:\/\/www.skbrdasplit.hr\/hr\/ante-tomas-osvojio-2-otvoreno-prvenstvo-sk-brda\/#breadcrumb\"},\"inLanguage\":\"hr\",\"potentialAction\":[{\"@type\":\"ReadAction\",\"target\":[\"https:\/\/www.skbrdasplit.hr\/hr\/ante-tomas-osvojio-2-otvoreno-prvenstvo-sk-brda\/\"]}]},{\"@type\":\"ImageObject\",\"inLanguage\":\"hr\",\"@id\":\"https:\/\/www.skbrdasplit.hr\/hr\/ante-tomas-osvojio-2-otvoreno-prvenstvo-sk-brda\/#primaryimage\",\"url\":\"https:\/\/www.skbrdasplit.hr\/wp-content\/uploads\/2023\/02\/WhatsApp-Image-2023-02-27-at-14.47.50.jpeg\",\"contentUrl\":\"https:\/\/www.skbrdasplit.hr\/wp-content\/uploads\/2023\/02\/WhatsApp-Image-2023-02-27-at-14.47.50.jpeg\",\"width\":1280,\"height\":1280},{\"@type\":\"BreadcrumbList\",\"@id\":\"https:\/\/www.skbrdasplit.hr\/hr\/ante-tomas-osvojio-2-otvoreno-prvenstvo-sk-brda\/#breadcrumb\",\"itemListElement\":[{\"@type\":\"ListItem\",\"position\":1,\"name\":\"Po\u010detna stranica\",\"item\":\"https:\/\/www.skbrdasplit.hr\/hr\/naslovnica\/\"},{\"@type\":\"ListItem\",\"position\":2,\"name\":\"Ante Toma\u0161 osvojio 2. Otvoreno prvenstvo \u0160K Brda\"}]},{\"@type\":\"WebSite\",\"@id\":\"https:\/\/www.skbrdasplit.hr\/hr\/#website\",\"url\":\"https:\/\/www.skbrdasplit.hr\/hr\/\",\"name\":\"\u0160ahovski klub Brda Split\",\"description\":\"\u0160ahovski klub Brda Split\",\"publisher\":{\"@id\":\"https:\/\/www.skbrdasplit.hr\/hr\/#organization\"},\"potentialAction\":[{\"@type\":\"SearchAction\",\"target\":{\"@type\":\"EntryPoint\",\"urlTemplate\":\"https:\/\/www.skbrdasplit.hr\/hr\/?s={search_term_string}\"},\"query-input\":{\"@type\":\"PropertyValueSpecification\",\"valueRequired\":true,\"valueName\":\"search_term_string\"}}],\"inLanguage\":\"hr\"},{\"@type\":\"Organization\",\"@id\":\"https:\/\/www.skbrdasplit.hr\/hr\/#organization\",\"name\":\"\u0160ahovski klub Brda Split\",\"url\":\"https:\/\/www.skbrdasplit.hr\/hr\/\",\"logo\":{\"@type\":\"ImageObject\",\"inLanguage\":\"hr\",\"@id\":\"https:\/\/www.skbrdasplit.hr\/hr\/#\/schema\/logo\/image\/\",\"url\":\"https:\/\/www.skbrdasplit.hr\/wp-content\/uploads\/2022\/10\/LOGO.png\",\"contentUrl\":\"https:\/\/www.skbrdasplit.hr\/wp-content\/uploads\/2022\/10\/LOGO.png\",\"width\":1155,\"height\":374,\"caption\":\"\u0160ahovski klub Brda Split\"},\"image\":{\"@id\":\"https:\/\/www.skbrdasplit.hr\/hr\/#\/schema\/logo\/image\/\"}},{\"@type\":\"Person\",\"@id\":\"https:\/\/www.skbrdasplit.hr\/hr\/#\/schema\/person\/d07056807ce58c7e60050cee355dfdbe\",\"name\":\"mateo\",\"image\":{\"@type\":\"ImageObject\",\"inLanguage\":\"hr\",\"@id\":\"https:\/\/www.skbrdasplit.hr\/hr\/#\/schema\/person\/image\/\",\"url\":\"https:\/\/secure.gravatar.com\/avatar\/eca80a2b93ffacef29b2a456fc5318e1ecacf9a4e7c55792a7964c1838bd6cdf?s=96&d=mm&r=g\",\"contentUrl\":\"https:\/\/secure.gravatar.com\/avatar\/eca80a2b93ffacef29b2a456fc5318e1ecacf9a4e7c55792a7964c1838bd6cdf?s=96&d=mm&r=g\",\"caption\":\"mateo\"},\"url\":\"https:\/\/www.skbrdasplit.hr\/hr\/author\/mateo\/\"}]}<\/script>\n<!-- \/ Yoast SEO plugin. -->","yoast_head_json":{"title":"Ante Toma\u0161 osvojio 2. Otvoreno prvenstvo \u0160K Brda - \u0160ahovski klub Brda Split","robots":{"index":"index","follow":"follow","max-snippet":"max-snippet:-1","max-image-preview":"max-image-preview:large","max-video-preview":"max-video-preview:-1"},"canonical":"https:\/\/www.skbrdasplit.hr\/hr\/ante-tomas-osvojio-2-otvoreno-prvenstvo-sk-brda\/","og_locale":"hr_HR","og_type":"article","og_title":"Ante Toma\u0161 osvojio 2. Otvoreno prvenstvo \u0160K Brda - \u0160ahovski klub Brda Split","og_description":"Od 19. do 25. velja\u010de je u prostorijama \u0160K Brda odigrano 2. otvoreno prvenstvo kluba. Sudjelovalo je 29 igra\u010da, igralo se 7 kola \u0161vicarskim sustavom uz budnu pratnju glavnog suca Vladimira Cvetni\u0107a i njegovog zamjenika Matea Ivi\u0107a. Turnir je na kraju osvojio doma\u0107i igra\u010d Ante Toma\u0161 sa 6 bodova. Toma\u0161 je uspio obraniti naslov koji [&hellip;]","og_url":"https:\/\/www.skbrdasplit.hr\/hr\/ante-tomas-osvojio-2-otvoreno-prvenstvo-sk-brda\/","og_site_name":"\u0160ahovski klub Brda Split","article_published_time":"2023-03-03T15:55:01+00:00","article_modified_time":"2023-03-03T15:58:31+00:00","og_image":[{"width":1280,"height":1280,"url":"https:\/\/www.skbrdasplit.hr\/wp-content\/uploads\/2023\/02\/WhatsApp-Image-2023-02-27-at-14.47.50.jpeg","type":"image\/jpeg"}],"author":"mateo","twitter_card":"summary_large_image","twitter_misc":{"Napisao\/la":"mateo","Procijenjeno vrijeme \u010ditanja":"3 minute"},"schema":{"@context":"https:\/\/schema.org","@graph":[{"@type":"Article","@id":"https:\/\/www.skbrdasplit.hr\/hr\/ante-tomas-osvojio-2-otvoreno-prvenstvo-sk-brda\/#article","isPartOf":{"@id":"https:\/\/www.skbrdasplit.hr\/hr\/ante-tomas-osvojio-2-otvoreno-prvenstvo-sk-brda\/"},"author":{"name":"mateo","@id":"https:\/\/www.skbrdasplit.hr\/hr\/#\/schema\/person\/d07056807ce58c7e60050cee355dfdbe"},"headline":"Ante Toma\u0161 osvojio 2. Otvoreno prvenstvo \u0160K Brda","datePublished":"2023-03-03T15:55:01+00:00","dateModified":"2023-03-03T15:58:31+00:00","mainEntityOfPage":{"@id":"https:\/\/www.skbrdasplit.hr\/hr\/ante-tomas-osvojio-2-otvoreno-prvenstvo-sk-brda\/"},"wordCount":574,"commentCount":0,"publisher":{"@id":"https:\/\/www.skbrdasplit.hr\/hr\/#organization"},"image":{"@id":"https:\/\/www.skbrdasplit.hr\/hr\/ante-tomas-osvojio-2-otvoreno-prvenstvo-sk-brda\/#primaryimage"},"thumbnailUrl":"https:\/\/www.skbrdasplit.hr\/wp-content\/uploads\/2023\/02\/WhatsApp-Image-2023-02-27-at-14.47.50.jpeg","articleSection":["Aktualno"],"inLanguage":"hr","potentialAction":[{"@type":"CommentAction","name":"Comment","target":["https:\/\/www.skbrdasplit.hr\/hr\/ante-tomas-osvojio-2-otvoreno-prvenstvo-sk-brda\/#respond"]}]},{"@type":"WebPage","@id":"https:\/\/www.skbrdasplit.hr\/hr\/ante-tomas-osvojio-2-otvoreno-prvenstvo-sk-brda\/","url":"https:\/\/www.skbrdasplit.hr\/hr\/ante-tomas-osvojio-2-otvoreno-prvenstvo-sk-brda\/","name":"Ante Toma\u0161 osvojio 2. Otvoreno prvenstvo \u0160K Brda - \u0160ahovski klub Brda Split","isPartOf":{"@id":"https:\/\/www.skbrdasplit.hr\/hr\/#website"},"primaryImageOfPage":{"@id":"https:\/\/www.skbrdasplit.hr\/hr\/ante-tomas-osvojio-2-otvoreno-prvenstvo-sk-brda\/#primaryimage"},"image":{"@id":"https:\/\/www.skbrdasplit.hr\/hr\/ante-tomas-osvojio-2-otvoreno-prvenstvo-sk-brda\/#primaryimage"},"thumbnailUrl":"https:\/\/www.skbrdasplit.hr\/wp-content\/uploads\/2023\/02\/WhatsApp-Image-2023-02-27-at-14.47.50.jpeg","datePublished":"2023-03-03T15:55:01+00:00","dateModified":"2023-03-03T15:58:31+00:00","breadcrumb":{"@id":"https:\/\/www.skbrdasplit.hr\/hr\/ante-tomas-osvojio-2-otvoreno-prvenstvo-sk-brda\/#breadcrumb"},"inLanguage":"hr","potentialAction":[{"@type":"ReadAction","target":["https:\/\/www.skbrdasplit.hr\/hr\/ante-tomas-osvojio-2-otvoreno-prvenstvo-sk-brda\/"]}]},{"@type":"ImageObject","inLanguage":"hr","@id":"https:\/\/www.skbrdasplit.hr\/hr\/ante-tomas-osvojio-2-otvoreno-prvenstvo-sk-brda\/#primaryimage","url":"https:\/\/www.skbrdasplit.hr\/wp-content\/uploads\/2023\/02\/WhatsApp-Image-2023-02-27-at-14.47.50.jpeg","contentUrl":"https:\/\/www.skbrdasplit.hr\/wp-content\/uploads\/2023\/02\/WhatsApp-Image-2023-02-27-at-14.47.50.jpeg","width":1280,"height":1280},{"@type":"BreadcrumbList","@id":"https:\/\/www.skbrdasplit.hr\/hr\/ante-tomas-osvojio-2-otvoreno-prvenstvo-sk-brda\/#breadcrumb","itemListElement":[{"@type":"ListItem","position":1,"name":"Po\u010detna stranica","item":"https:\/\/www.skbrdasplit.hr\/hr\/naslovnica\/"},{"@type":"ListItem","position":2,"name":"Ante Toma\u0161 osvojio 2. Otvoreno prvenstvo \u0160K Brda"}]},{"@type":"WebSite","@id":"https:\/\/www.skbrdasplit.hr\/hr\/#website","url":"https:\/\/www.skbrdasplit.hr\/hr\/","name":"\u0160ahovski klub Brda Split","description":"\u0160ahovski klub Brda Split","publisher":{"@id":"https:\/\/www.skbrdasplit.hr\/hr\/#organization"},"potentialAction":[{"@type":"SearchAction","target":{"@type":"EntryPoint","urlTemplate":"https:\/\/www.skbrdasplit.hr\/hr\/?s={search_term_string}"},"query-input":{"@type":"PropertyValueSpecification","valueRequired":true,"valueName":"search_term_string"}}],"inLanguage":"hr"},{"@type":"Organization","@id":"https:\/\/www.skbrdasplit.hr\/hr\/#organization","name":"\u0160ahovski klub Brda Split","url":"https:\/\/www.skbrdasplit.hr\/hr\/","logo":{"@type":"ImageObject","inLanguage":"hr","@id":"https:\/\/www.skbrdasplit.hr\/hr\/#\/schema\/logo\/image\/","url":"https:\/\/www.skbrdasplit.hr\/wp-content\/uploads\/2022\/10\/LOGO.png","contentUrl":"https:\/\/www.skbrdasplit.hr\/wp-content\/uploads\/2022\/10\/LOGO.png","width":1155,"height":374,"caption":"\u0160ahovski klub Brda Split"},"image":{"@id":"https:\/\/www.skbrdasplit.hr\/hr\/#\/schema\/logo\/image\/"}},{"@type":"Person","@id":"https:\/\/www.skbrdasplit.hr\/hr\/#\/schema\/person\/d07056807ce58c7e60050cee355dfdbe","name":"mateo","image":{"@type":"ImageObject","inLanguage":"hr","@id":"https:\/\/www.skbrdasplit.hr\/hr\/#\/schema\/person\/image\/","url":"https:\/\/secure.gravatar.com\/avatar\/eca80a2b93ffacef29b2a456fc5318e1ecacf9a4e7c55792a7964c1838bd6cdf?s=96&d=mm&r=g","contentUrl":"https:\/\/secure.gravatar.com\/avatar\/eca80a2b93ffacef29b2a456fc5318e1ecacf9a4e7c55792a7964c1838bd6cdf?s=96&d=mm&r=g","caption":"mateo"},"url":"https:\/\/www.skbrdasplit.hr\/hr\/author\/mateo\/"}]}},"_links":{"self":[{"href":"https:\/\/www.skbrdasplit.hr\/hr\/wp-json\/wp\/v2\/posts\/566","targetHints":{"allow":["GET"]}}],"collection":[{"href":"https:\/\/www.skbrdasplit.hr\/hr\/wp-json\/wp\/v2\/posts"}],"about":[{"href":"https:\/\/www.skbrdasplit.hr\/hr\/wp-json\/wp\/v2\/types\/post"}],"author":[{"embeddable":true,"href":"https:\/\/www.skbrdasplit.hr\/hr\/wp-json\/wp\/v2\/users\/2"}],"replies":[{"embeddable":true,"href":"https:\/\/www.skbrdasplit.hr\/hr\/wp-json\/wp\/v2\/comments?post=566"}],"version-history":[{"count":3,"href":"https:\/\/www.skbrdasplit.hr\/hr\/wp-json\/wp\/v2\/posts\/566\/revisions"}],"predecessor-version":[{"id":572,"href":"https:\/\/www.skbrdasplit.hr\/hr\/wp-json\/wp\/v2\/posts\/566\/revisions\/572"}],"wp:featuredmedia":[{"embeddable":true,"href":"https:\/\/www.skbrdasplit.hr\/hr\/wp-json\/wp\/v2\/media\/567"}],"wp:attachment":[{"href":"https:\/\/www.skbrdasplit.hr\/hr\/wp-json\/wp\/v2\/media?parent=566"}],"wp:term":[{"taxonomy":"category","embeddable":true,"href":"https:\/\/www.skbrdasplit.hr\/hr\/wp-json\/wp\/v2\/categories?post=566"},{"taxonomy":"post_tag","embeddable":true,"href":"https:\/\/www.skbrdasplit.hr\/hr\/wp-json\/wp\/v2\/tags?post=566"}],"curies":[{"name":"wp","href":"https:\/\/api.w.org\/{rel}","templated":true}]}}