{"id":923,"date":"2023-12-27T13:58:33","date_gmt":"2023-12-27T13:58:33","guid":{"rendered":"https:\/\/www.skbrdasplit.hr\/?p=923"},"modified":"2023-12-27T13:58:35","modified_gmt":"2023-12-27T13:58:35","slug":"brda-otvorila-finale-kadetske-lige-pobjedom","status":"publish","type":"post","link":"https:\/\/www.skbrdasplit.hr\/hr\/brda-otvorila-finale-kadetske-lige-pobjedom\/","title":{"rendered":"Brda otvorila finale kadetske lige pobjedom"},"content":{"rendered":"\n<p>Finale kadetske lige u \u0161ahu je zapo\u010delo jutros u Vodicama. Na\u0161a ekipa u sastavu <strong>Matija Mimica<\/strong>, <strong>Mihovil \u017divkovi\u0107<\/strong>, <strong>Duje Voli\u0107<\/strong> i <strong>Bo\u017eidar Rehak<\/strong> je na startu upisala pobjedu 3,5:0,5 protiv Poleta iz Bu\u0161evca. Tom pobjedom smo zasjeli na vrh tablice, a u drugom kolu nas \u010deka derbi s Ka\u0161telanima, aktualnim prvacima. Vrijedi napomenuti da zbog bolesti <strong>Mateo Ivi\u0107<\/strong> nije mogao voditi ekipu, pa je na mjesto kapetana usko\u010dio <strong>Ivan Mimica<\/strong>. Njegov poziv kao zapeta pu\u0161ka \u010deka<strong> Lovre Miro\u0161evi\u0107<\/strong>, koji je ostao u Splitu, ali se svakog trenutka na poziv kapetana mo\u017ee uputiti put Vodica ako bude potrebno.<\/p>\n\n\n\n<p>Brda &#8211; Polet 3,5-0,5<\/p>\n\n\n\n<p><strong>Matija Mimica<\/strong> &#8211; Dominik Deliba\u0161i\u0107 1:0<\/p>\n\n\n\n<p>Roko Ga\u0161parovi\u0107 &#8211;<strong> Mihovil \u017divkovi\u0107<\/strong> 0:1<\/p>\n\n\n\n<p><strong>Duje Voli\u0107<\/strong> &#8211; Nikola Kos remi<\/p>\n\n\n\n<p>Stjepan Horva\u010di\u0107 &#8211; <strong>Bo\u017eidar Rehak<\/strong> 0:1<\/p>\n\n\n\n<figure class=\"wp-block-image size-large\"><img fetchpriority=\"high\" decoding=\"async\" width=\"1024\" height=\"768\" src=\"https:\/\/www.skbrdasplit.hr\/wp-content\/uploads\/2023\/12\/414115901_7014783278586663_5497594815388037150_n-1024x768.jpg\" alt=\"\" class=\"wp-image-924\" srcset=\"https:\/\/www.skbrdasplit.hr\/wp-content\/uploads\/2023\/12\/414115901_7014783278586663_5497594815388037150_n-1024x768.jpg 1024w, https:\/\/www.skbrdasplit.hr\/wp-content\/uploads\/2023\/12\/414115901_7014783278586663_5497594815388037150_n-300x225.jpg 300w, https:\/\/www.skbrdasplit.hr\/wp-content\/uploads\/2023\/12\/414115901_7014783278586663_5497594815388037150_n-768x576.jpg 768w, https:\/\/www.skbrdasplit.hr\/wp-content\/uploads\/2023\/12\/414115901_7014783278586663_5497594815388037150_n.jpg 1280w\" sizes=\"(max-width: 1024px) 100vw, 1024px\" \/><figcaption class=\"wp-element-caption\"><em>Bo\u017eidar Rehak je uvjerljivo svladao svog protivnika u prvom kolu<\/em><\/figcaption><\/figure>\n\n\n\n<figure class=\"wp-block-image size-large\"><img decoding=\"async\" width=\"1024\" height=\"768\" src=\"https:\/\/www.skbrdasplit.hr\/wp-content\/uploads\/2023\/12\/414122071_7014778025253855_4626651833111602832_n-1024x768.jpg\" alt=\"\" class=\"wp-image-926\" srcset=\"https:\/\/www.skbrdasplit.hr\/wp-content\/uploads\/2023\/12\/414122071_7014778025253855_4626651833111602832_n-1024x768.jpg 1024w, https:\/\/www.skbrdasplit.hr\/wp-content\/uploads\/2023\/12\/414122071_7014778025253855_4626651833111602832_n-300x225.jpg 300w, https:\/\/www.skbrdasplit.hr\/wp-content\/uploads\/2023\/12\/414122071_7014778025253855_4626651833111602832_n-768x576.jpg 768w, https:\/\/www.skbrdasplit.hr\/wp-content\/uploads\/2023\/12\/414122071_7014778025253855_4626651833111602832_n.jpg 1280w\" sizes=\"(max-width: 1024px) 100vw, 1024px\" \/><figcaption class=\"wp-element-caption\"><em>Mimicakis je ovog puta bio maksimalno koncentriran od samog po\u010detka<\/em><\/figcaption><\/figure>\n\n\n\n<p><\/p>\n\n\n\n<p><\/p>\n","protected":false},"excerpt":{"rendered":"<p>Finale kadetske lige u \u0161ahu je zapo\u010delo jutros u Vodicama. Na\u0161a ekipa u sastavu Matija Mimica, Mihovil \u017divkovi\u0107, Duje Voli\u0107 i Bo\u017eidar Rehak je na startu upisala pobjedu 3,5:0,5 protiv Poleta iz Bu\u0161evca. Tom pobjedom smo zasjeli na vrh tablice, a u drugom kolu nas \u010deka derbi s Ka\u0161telanima, aktualnim prvacima. Vrijedi napomenuti da zbog [&hellip;]<\/p>\n","protected":false},"author":2,"featured_media":928,"comment_status":"open","ping_status":"open","sticky":false,"template":"","format":"standard","meta":{"_joinchat":[],"footnotes":""},"categories":[7],"tags":[],"class_list":["post-923","post","type-post","status-publish","format-standard","has-post-thumbnail","hentry","category-aktualno"],"yoast_head":"<!-- This site is optimized with the Yoast SEO plugin v26.6 - https:\/\/yoast.com\/wordpress\/plugins\/seo\/ -->\n<title>Brda otvorila finale kadetske lige pobjedom - \u0160ahovski klub Brda Split<\/title>\n<meta name=\"robots\" content=\"index, follow, max-snippet:-1, max-image-preview:large, max-video-preview:-1\" \/>\n<link rel=\"canonical\" href=\"https:\/\/www.skbrdasplit.hr\/hr\/brda-otvorila-finale-kadetske-lige-pobjedom\/\" \/>\n<meta property=\"og:locale\" content=\"hr_HR\" \/>\n<meta property=\"og:type\" content=\"article\" \/>\n<meta property=\"og:title\" content=\"Brda otvorila finale kadetske lige pobjedom - \u0160ahovski klub Brda Split\" \/>\n<meta property=\"og:description\" content=\"Finale kadetske lige u \u0161ahu je zapo\u010delo jutros u Vodicama. Na\u0161a ekipa u sastavu Matija Mimica, Mihovil \u017divkovi\u0107, Duje Voli\u0107 i Bo\u017eidar Rehak je na startu upisala pobjedu 3,5:0,5 protiv Poleta iz Bu\u0161evca. Tom pobjedom smo zasjeli na vrh tablice, a u drugom kolu nas \u010deka derbi s Ka\u0161telanima, aktualnim prvacima. Vrijedi napomenuti da zbog [&hellip;]\" \/>\n<meta property=\"og:url\" content=\"https:\/\/www.skbrdasplit.hr\/hr\/brda-otvorila-finale-kadetske-lige-pobjedom\/\" \/>\n<meta property=\"og:site_name\" content=\"\u0160ahovski klub Brda Split\" \/>\n<meta property=\"article:published_time\" content=\"2023-12-27T13:58:33+00:00\" \/>\n<meta property=\"article:modified_time\" content=\"2023-12-27T13:58:35+00:00\" \/>\n<meta property=\"og:image\" content=\"https:\/\/www.skbrdasplit.hr\/wp-content\/uploads\/2023\/12\/414118907_7014780675253590_354487620415669518_n.jpg\" \/>\n\t<meta property=\"og:image:width\" content=\"1280\" \/>\n\t<meta property=\"og:image:height\" content=\"960\" \/>\n\t<meta property=\"og:image:type\" content=\"image\/jpeg\" \/>\n<meta name=\"author\" content=\"mateo\" \/>\n<meta name=\"twitter:card\" content=\"summary_large_image\" \/>\n<meta name=\"twitter:label1\" content=\"Napisao\/la\" \/>\n\t<meta name=\"twitter:data1\" content=\"mateo\" \/>\n\t<meta name=\"twitter:label2\" content=\"Procijenjeno vrijeme \u010ditanja\" \/>\n\t<meta name=\"twitter:data2\" content=\"2 minute\" \/>\n<script type=\"application\/ld+json\" class=\"yoast-schema-graph\">{\"@context\":\"https:\/\/schema.org\",\"@graph\":[{\"@type\":\"Article\",\"@id\":\"https:\/\/www.skbrdasplit.hr\/hr\/brda-otvorila-finale-kadetske-lige-pobjedom\/#article\",\"isPartOf\":{\"@id\":\"https:\/\/www.skbrdasplit.hr\/hr\/brda-otvorila-finale-kadetske-lige-pobjedom\/\"},\"author\":{\"name\":\"mateo\",\"@id\":\"https:\/\/www.skbrdasplit.hr\/hr\/#\/schema\/person\/d07056807ce58c7e60050cee355dfdbe\"},\"headline\":\"Brda otvorila finale kadetske lige pobjedom\",\"datePublished\":\"2023-12-27T13:58:33+00:00\",\"dateModified\":\"2023-12-27T13:58:35+00:00\",\"mainEntityOfPage\":{\"@id\":\"https:\/\/www.skbrdasplit.hr\/hr\/brda-otvorila-finale-kadetske-lige-pobjedom\/\"},\"wordCount\":162,\"commentCount\":0,\"publisher\":{\"@id\":\"https:\/\/www.skbrdasplit.hr\/hr\/#organization\"},\"image\":{\"@id\":\"https:\/\/www.skbrdasplit.hr\/hr\/brda-otvorila-finale-kadetske-lige-pobjedom\/#primaryimage\"},\"thumbnailUrl\":\"https:\/\/www.skbrdasplit.hr\/wp-content\/uploads\/2023\/12\/414118907_7014780675253590_354487620415669518_n.jpg\",\"articleSection\":[\"Aktualno\"],\"inLanguage\":\"hr\",\"potentialAction\":[{\"@type\":\"CommentAction\",\"name\":\"Comment\",\"target\":[\"https:\/\/www.skbrdasplit.hr\/hr\/brda-otvorila-finale-kadetske-lige-pobjedom\/#respond\"]}]},{\"@type\":\"WebPage\",\"@id\":\"https:\/\/www.skbrdasplit.hr\/hr\/brda-otvorila-finale-kadetske-lige-pobjedom\/\",\"url\":\"https:\/\/www.skbrdasplit.hr\/hr\/brda-otvorila-finale-kadetske-lige-pobjedom\/\",\"name\":\"Brda otvorila finale kadetske lige pobjedom - \u0160ahovski klub Brda Split\",\"isPartOf\":{\"@id\":\"https:\/\/www.skbrdasplit.hr\/hr\/#website\"},\"primaryImageOfPage\":{\"@id\":\"https:\/\/www.skbrdasplit.hr\/hr\/brda-otvorila-finale-kadetske-lige-pobjedom\/#primaryimage\"},\"image\":{\"@id\":\"https:\/\/www.skbrdasplit.hr\/hr\/brda-otvorila-finale-kadetske-lige-pobjedom\/#primaryimage\"},\"thumbnailUrl\":\"https:\/\/www.skbrdasplit.hr\/wp-content\/uploads\/2023\/12\/414118907_7014780675253590_354487620415669518_n.jpg\",\"datePublished\":\"2023-12-27T13:58:33+00:00\",\"dateModified\":\"2023-12-27T13:58:35+00:00\",\"breadcrumb\":{\"@id\":\"https:\/\/www.skbrdasplit.hr\/hr\/brda-otvorila-finale-kadetske-lige-pobjedom\/#breadcrumb\"},\"inLanguage\":\"hr\",\"potentialAction\":[{\"@type\":\"ReadAction\",\"target\":[\"https:\/\/www.skbrdasplit.hr\/hr\/brda-otvorila-finale-kadetske-lige-pobjedom\/\"]}]},{\"@type\":\"ImageObject\",\"inLanguage\":\"hr\",\"@id\":\"https:\/\/www.skbrdasplit.hr\/hr\/brda-otvorila-finale-kadetske-lige-pobjedom\/#primaryimage\",\"url\":\"https:\/\/www.skbrdasplit.hr\/wp-content\/uploads\/2023\/12\/414118907_7014780675253590_354487620415669518_n.jpg\",\"contentUrl\":\"https:\/\/www.skbrdasplit.hr\/wp-content\/uploads\/2023\/12\/414118907_7014780675253590_354487620415669518_n.jpg\",\"width\":1280,\"height\":960,\"caption\":\"Br\u0111ani na otvaranju kadetske lige\"},{\"@type\":\"BreadcrumbList\",\"@id\":\"https:\/\/www.skbrdasplit.hr\/hr\/brda-otvorila-finale-kadetske-lige-pobjedom\/#breadcrumb\",\"itemListElement\":[{\"@type\":\"ListItem\",\"position\":1,\"name\":\"Po\u010detna stranica\",\"item\":\"https:\/\/www.skbrdasplit.hr\/hr\/naslovnica\/\"},{\"@type\":\"ListItem\",\"position\":2,\"name\":\"Brda otvorila finale kadetske lige pobjedom\"}]},{\"@type\":\"WebSite\",\"@id\":\"https:\/\/www.skbrdasplit.hr\/hr\/#website\",\"url\":\"https:\/\/www.skbrdasplit.hr\/hr\/\",\"name\":\"\u0160ahovski klub Brda Split\",\"description\":\"\u0160ahovski klub Brda Split\",\"publisher\":{\"@id\":\"https:\/\/www.skbrdasplit.hr\/hr\/#organization\"},\"potentialAction\":[{\"@type\":\"SearchAction\",\"target\":{\"@type\":\"EntryPoint\",\"urlTemplate\":\"https:\/\/www.skbrdasplit.hr\/hr\/?s={search_term_string}\"},\"query-input\":{\"@type\":\"PropertyValueSpecification\",\"valueRequired\":true,\"valueName\":\"search_term_string\"}}],\"inLanguage\":\"hr\"},{\"@type\":\"Organization\",\"@id\":\"https:\/\/www.skbrdasplit.hr\/hr\/#organization\",\"name\":\"\u0160ahovski klub Brda Split\",\"url\":\"https:\/\/www.skbrdasplit.hr\/hr\/\",\"logo\":{\"@type\":\"ImageObject\",\"inLanguage\":\"hr\",\"@id\":\"https:\/\/www.skbrdasplit.hr\/hr\/#\/schema\/logo\/image\/\",\"url\":\"https:\/\/www.skbrdasplit.hr\/wp-content\/uploads\/2022\/10\/LOGO.png\",\"contentUrl\":\"https:\/\/www.skbrdasplit.hr\/wp-content\/uploads\/2022\/10\/LOGO.png\",\"width\":1155,\"height\":374,\"caption\":\"\u0160ahovski klub Brda Split\"},\"image\":{\"@id\":\"https:\/\/www.skbrdasplit.hr\/hr\/#\/schema\/logo\/image\/\"}},{\"@type\":\"Person\",\"@id\":\"https:\/\/www.skbrdasplit.hr\/hr\/#\/schema\/person\/d07056807ce58c7e60050cee355dfdbe\",\"name\":\"mateo\",\"image\":{\"@type\":\"ImageObject\",\"inLanguage\":\"hr\",\"@id\":\"https:\/\/www.skbrdasplit.hr\/hr\/#\/schema\/person\/image\/\",\"url\":\"https:\/\/secure.gravatar.com\/avatar\/eca80a2b93ffacef29b2a456fc5318e1ecacf9a4e7c55792a7964c1838bd6cdf?s=96&d=mm&r=g\",\"contentUrl\":\"https:\/\/secure.gravatar.com\/avatar\/eca80a2b93ffacef29b2a456fc5318e1ecacf9a4e7c55792a7964c1838bd6cdf?s=96&d=mm&r=g\",\"caption\":\"mateo\"},\"url\":\"https:\/\/www.skbrdasplit.hr\/hr\/author\/mateo\/\"}]}<\/script>\n<!-- \/ Yoast SEO plugin. -->","yoast_head_json":{"title":"Brda otvorila finale kadetske lige pobjedom - \u0160ahovski klub Brda Split","robots":{"index":"index","follow":"follow","max-snippet":"max-snippet:-1","max-image-preview":"max-image-preview:large","max-video-preview":"max-video-preview:-1"},"canonical":"https:\/\/www.skbrdasplit.hr\/hr\/brda-otvorila-finale-kadetske-lige-pobjedom\/","og_locale":"hr_HR","og_type":"article","og_title":"Brda otvorila finale kadetske lige pobjedom - \u0160ahovski klub Brda Split","og_description":"Finale kadetske lige u \u0161ahu je zapo\u010delo jutros u Vodicama. Na\u0161a ekipa u sastavu Matija Mimica, Mihovil \u017divkovi\u0107, Duje Voli\u0107 i Bo\u017eidar Rehak je na startu upisala pobjedu 3,5:0,5 protiv Poleta iz Bu\u0161evca. Tom pobjedom smo zasjeli na vrh tablice, a u drugom kolu nas \u010deka derbi s Ka\u0161telanima, aktualnim prvacima. Vrijedi napomenuti da zbog [&hellip;]","og_url":"https:\/\/www.skbrdasplit.hr\/hr\/brda-otvorila-finale-kadetske-lige-pobjedom\/","og_site_name":"\u0160ahovski klub Brda Split","article_published_time":"2023-12-27T13:58:33+00:00","article_modified_time":"2023-12-27T13:58:35+00:00","og_image":[{"width":1280,"height":960,"url":"https:\/\/www.skbrdasplit.hr\/wp-content\/uploads\/2023\/12\/414118907_7014780675253590_354487620415669518_n.jpg","type":"image\/jpeg"}],"author":"mateo","twitter_card":"summary_large_image","twitter_misc":{"Napisao\/la":"mateo","Procijenjeno vrijeme \u010ditanja":"2 minute"},"schema":{"@context":"https:\/\/schema.org","@graph":[{"@type":"Article","@id":"https:\/\/www.skbrdasplit.hr\/hr\/brda-otvorila-finale-kadetske-lige-pobjedom\/#article","isPartOf":{"@id":"https:\/\/www.skbrdasplit.hr\/hr\/brda-otvorila-finale-kadetske-lige-pobjedom\/"},"author":{"name":"mateo","@id":"https:\/\/www.skbrdasplit.hr\/hr\/#\/schema\/person\/d07056807ce58c7e60050cee355dfdbe"},"headline":"Brda otvorila finale kadetske lige pobjedom","datePublished":"2023-12-27T13:58:33+00:00","dateModified":"2023-12-27T13:58:35+00:00","mainEntityOfPage":{"@id":"https:\/\/www.skbrdasplit.hr\/hr\/brda-otvorila-finale-kadetske-lige-pobjedom\/"},"wordCount":162,"commentCount":0,"publisher":{"@id":"https:\/\/www.skbrdasplit.hr\/hr\/#organization"},"image":{"@id":"https:\/\/www.skbrdasplit.hr\/hr\/brda-otvorila-finale-kadetske-lige-pobjedom\/#primaryimage"},"thumbnailUrl":"https:\/\/www.skbrdasplit.hr\/wp-content\/uploads\/2023\/12\/414118907_7014780675253590_354487620415669518_n.jpg","articleSection":["Aktualno"],"inLanguage":"hr","potentialAction":[{"@type":"CommentAction","name":"Comment","target":["https:\/\/www.skbrdasplit.hr\/hr\/brda-otvorila-finale-kadetske-lige-pobjedom\/#respond"]}]},{"@type":"WebPage","@id":"https:\/\/www.skbrdasplit.hr\/hr\/brda-otvorila-finale-kadetske-lige-pobjedom\/","url":"https:\/\/www.skbrdasplit.hr\/hr\/brda-otvorila-finale-kadetske-lige-pobjedom\/","name":"Brda otvorila finale kadetske lige pobjedom - \u0160ahovski klub Brda Split","isPartOf":{"@id":"https:\/\/www.skbrdasplit.hr\/hr\/#website"},"primaryImageOfPage":{"@id":"https:\/\/www.skbrdasplit.hr\/hr\/brda-otvorila-finale-kadetske-lige-pobjedom\/#primaryimage"},"image":{"@id":"https:\/\/www.skbrdasplit.hr\/hr\/brda-otvorila-finale-kadetske-lige-pobjedom\/#primaryimage"},"thumbnailUrl":"https:\/\/www.skbrdasplit.hr\/wp-content\/uploads\/2023\/12\/414118907_7014780675253590_354487620415669518_n.jpg","datePublished":"2023-12-27T13:58:33+00:00","dateModified":"2023-12-27T13:58:35+00:00","breadcrumb":{"@id":"https:\/\/www.skbrdasplit.hr\/hr\/brda-otvorila-finale-kadetske-lige-pobjedom\/#breadcrumb"},"inLanguage":"hr","potentialAction":[{"@type":"ReadAction","target":["https:\/\/www.skbrdasplit.hr\/hr\/brda-otvorila-finale-kadetske-lige-pobjedom\/"]}]},{"@type":"ImageObject","inLanguage":"hr","@id":"https:\/\/www.skbrdasplit.hr\/hr\/brda-otvorila-finale-kadetske-lige-pobjedom\/#primaryimage","url":"https:\/\/www.skbrdasplit.hr\/wp-content\/uploads\/2023\/12\/414118907_7014780675253590_354487620415669518_n.jpg","contentUrl":"https:\/\/www.skbrdasplit.hr\/wp-content\/uploads\/2023\/12\/414118907_7014780675253590_354487620415669518_n.jpg","width":1280,"height":960,"caption":"Br\u0111ani na otvaranju kadetske lige"},{"@type":"BreadcrumbList","@id":"https:\/\/www.skbrdasplit.hr\/hr\/brda-otvorila-finale-kadetske-lige-pobjedom\/#breadcrumb","itemListElement":[{"@type":"ListItem","position":1,"name":"Po\u010detna stranica","item":"https:\/\/www.skbrdasplit.hr\/hr\/naslovnica\/"},{"@type":"ListItem","position":2,"name":"Brda otvorila finale kadetske lige pobjedom"}]},{"@type":"WebSite","@id":"https:\/\/www.skbrdasplit.hr\/hr\/#website","url":"https:\/\/www.skbrdasplit.hr\/hr\/","name":"\u0160ahovski klub Brda Split","description":"\u0160ahovski klub Brda Split","publisher":{"@id":"https:\/\/www.skbrdasplit.hr\/hr\/#organization"},"potentialAction":[{"@type":"SearchAction","target":{"@type":"EntryPoint","urlTemplate":"https:\/\/www.skbrdasplit.hr\/hr\/?s={search_term_string}"},"query-input":{"@type":"PropertyValueSpecification","valueRequired":true,"valueName":"search_term_string"}}],"inLanguage":"hr"},{"@type":"Organization","@id":"https:\/\/www.skbrdasplit.hr\/hr\/#organization","name":"\u0160ahovski klub Brda Split","url":"https:\/\/www.skbrdasplit.hr\/hr\/","logo":{"@type":"ImageObject","inLanguage":"hr","@id":"https:\/\/www.skbrdasplit.hr\/hr\/#\/schema\/logo\/image\/","url":"https:\/\/www.skbrdasplit.hr\/wp-content\/uploads\/2022\/10\/LOGO.png","contentUrl":"https:\/\/www.skbrdasplit.hr\/wp-content\/uploads\/2022\/10\/LOGO.png","width":1155,"height":374,"caption":"\u0160ahovski klub Brda Split"},"image":{"@id":"https:\/\/www.skbrdasplit.hr\/hr\/#\/schema\/logo\/image\/"}},{"@type":"Person","@id":"https:\/\/www.skbrdasplit.hr\/hr\/#\/schema\/person\/d07056807ce58c7e60050cee355dfdbe","name":"mateo","image":{"@type":"ImageObject","inLanguage":"hr","@id":"https:\/\/www.skbrdasplit.hr\/hr\/#\/schema\/person\/image\/","url":"https:\/\/secure.gravatar.com\/avatar\/eca80a2b93ffacef29b2a456fc5318e1ecacf9a4e7c55792a7964c1838bd6cdf?s=96&d=mm&r=g","contentUrl":"https:\/\/secure.gravatar.com\/avatar\/eca80a2b93ffacef29b2a456fc5318e1ecacf9a4e7c55792a7964c1838bd6cdf?s=96&d=mm&r=g","caption":"mateo"},"url":"https:\/\/www.skbrdasplit.hr\/hr\/author\/mateo\/"}]}},"_links":{"self":[{"href":"https:\/\/www.skbrdasplit.hr\/hr\/wp-json\/wp\/v2\/posts\/923","targetHints":{"allow":["GET"]}}],"collection":[{"href":"https:\/\/www.skbrdasplit.hr\/hr\/wp-json\/wp\/v2\/posts"}],"about":[{"href":"https:\/\/www.skbrdasplit.hr\/hr\/wp-json\/wp\/v2\/types\/post"}],"author":[{"embeddable":true,"href":"https:\/\/www.skbrdasplit.hr\/hr\/wp-json\/wp\/v2\/users\/2"}],"replies":[{"embeddable":true,"href":"https:\/\/www.skbrdasplit.hr\/hr\/wp-json\/wp\/v2\/comments?post=923"}],"version-history":[{"count":1,"href":"https:\/\/www.skbrdasplit.hr\/hr\/wp-json\/wp\/v2\/posts\/923\/revisions"}],"predecessor-version":[{"id":930,"href":"https:\/\/www.skbrdasplit.hr\/hr\/wp-json\/wp\/v2\/posts\/923\/revisions\/930"}],"wp:featuredmedia":[{"embeddable":true,"href":"https:\/\/www.skbrdasplit.hr\/hr\/wp-json\/wp\/v2\/media\/928"}],"wp:attachment":[{"href":"https:\/\/www.skbrdasplit.hr\/hr\/wp-json\/wp\/v2\/media?parent=923"}],"wp:term":[{"taxonomy":"category","embeddable":true,"href":"https:\/\/www.skbrdasplit.hr\/hr\/wp-json\/wp\/v2\/categories?post=923"},{"taxonomy":"post_tag","embeddable":true,"href":"https:\/\/www.skbrdasplit.hr\/hr\/wp-json\/wp\/v2\/tags?post=923"}],"curies":[{"name":"wp","href":"https:\/\/api.w.org\/{rel}","templated":true}]}}